{"id":999,"date":"2019-06-22T12:28:01","date_gmt":"2019-06-22T11:28:01","guid":{"rendered":"http:\/\/attacmaroc.org\/fr\/?p=999"},"modified":"2020-08-20T15:27:48","modified_gmt":"2020-08-20T14:27:48","slug":"interview-avec-le-militant-farid-baali","status":"publish","type":"post","link":"https:\/\/attacmaroc.org\/fr\/2019\/06\/22\/interview-avec-le-militant-farid-baali\/","title":{"rendered":"Interview avec le militant Farid Baali"},"content":{"rendered":"<p><strong><u>\u00a0<\/u><\/strong><strong><u>1-Qui est Farid Baali?<\/u><\/strong><\/p>\n<p>N\u00e9 au Douar Zawiat d&rsquo;Ainas, dans la province d\u2019Agdz-Zagora, j&rsquo;ai effectu\u00e9 mes \u00e9tudes primaires \u00e0 l&rsquo;\u00e9cole d&rsquo;Ainas, puis j&rsquo;ai d\u00e9m\u00e9nag\u00e9 \u00e0 Agdz, o\u00f9 j&rsquo;ai \u00e9tudi\u00e9 au coll\u00e8ge Annakhil. \u00c0 ce moment j\u2019ai commenc\u00e9 \u00e0 lutter en participant aux c\u00f4t\u00e9s du mouvement \u00e9tudiant aux gr\u00e8ves, \u00e0 l&rsquo;int\u00e9rieur des murs du coll\u00e8ge ou \u00e0 l&rsquo;ext\u00e9rieur lors des manifestations de protestation en solidarit\u00e9 avec le soul\u00e8vement palestinien ou la guerre contre l&rsquo;Irak \u00e0 l&rsquo;\u00e9poque. \u00a0J&rsquo;ai \u00e9galement int\u00e9gr\u00e9 le travail associatif\u00e0 cettep\u00e9riode, en particulier avecle Mouvement de la jeunesse d\u00e9mocratique progressiste, qui est un mouvement militant de gauche qui a eu sa r\u00e9putation dans la ville d\u2019Agdz avec d&rsquo;autres mouvements, notamment l\u2019Association Chouala et l\u2019Association Nawras. Apr\u00e8s le coll\u00e8ge, je suis rentr\u00e9 en secondaire et j&rsquo;ai termin\u00e9 mes \u00e9tudes au lyc\u00e9e Idris I.Apr\u00e8s l&rsquo;obtention de mon baccalaur\u00e9at, j&rsquo;ai d\u00e9m\u00e9nag\u00e9 \u00e0 Marrakech pour faire mes \u00e9tudes universitaires \u00e0 la Facult\u00e9 des lettres et sciences humaines de l&rsquo;Universit\u00e9 Cadi Ayyad, sp\u00e9cialisation histoire et civilisation. Au cours de ma premi\u00e8re ann\u00e9e d\u2019universit\u00e9, j\u2019ai pris part \u00e0 la lutte aux c\u00f4t\u00e9s de la faction de la Voie d\u00e9mocratique basiste. C\u2019est ainsi que des affrontements et des conflits avec les autorit\u00e9s se sont poursuivis en raison de mes id\u00e9es politiques et de mes luttes lors de divers rassemblements et manifestations.<\/p>\n<ol start=\"2\">\n<li><strong><u> Pourquoi \u00eates-vous poursuivi devant le tribunal?<\/u><\/strong><\/li>\n<\/ol>\n<p>Je me souviens encore de mon entr\u00e9e sur le r\u00e9seau social Facebook en 2010. J\u2019y ai exprim\u00e9 mes id\u00e9es r\u00e9volutionnaires et politiques et critiqu\u00e9 la politique de l\u2019\u00c9tat, impopulaire et non d\u00e9mocratique. Depuis lors, j&rsquo;ai \u00e9t\u00e9 harcel\u00e9 par les autorit\u00e9s, \u00a0qui ont appel\u00e9 le chef de tribu pour se renseigner sur la nature de mes publications Facebook et pour m&rsquo;avertir de la gravit\u00e9 de la situation. En 2017, lorsque les protestations populaires dans le Rif, \u00e0 Jerada, les manifestations de la soif\u00e0 Zagora ont d\u00e9but\u00e9es, apr\u00e8s avoir publi\u00e9un message de solidarit\u00e9 avec les habitants de Jerada, j\u2019ai \u00e9t\u00e9 surpris d&rsquo;\u00eatre convoqu\u00e9 par la police judiciaire \u00e0 Zagora le 9 juillet 2018 pour enqu\u00eate.Cette convocation a \u00e9t\u00e9 pr\u00e9c\u00e9d\u00e9e par d\u2019autres via des appels t\u00e9l\u00e9phoniques, mais je ne m\u2019y suis pas conform\u00e9.Au d\u00e9but de 2019, j&rsquo;ai \u00e9t\u00e9 poursuivi par le procureurdu roi aupr\u00e8s du tribunal de premi\u00e8re instance de Zagora.<\/p>\n<ol start=\"3\">\n<li><strong><u> Comment la phase d&rsquo;interrogatoire s\u2019est-elle pass\u00e9e au poste de police?<\/u><\/strong><\/li>\n<\/ol>\n<p>L&rsquo;interrogatoire s&rsquo;est d\u00e9roul\u00e9 de mani\u00e8re ordinaire, situation \u00e0 laquelle je ne m&rsquo;attendais pas si ouvertement, malgr\u00e9 le fait que quelqu&rsquo;un essayait de me provoquer et de faire pression sur moi en \u00e9levant la voix pendant l&rsquo;enqu\u00eate, mais je me fichais de ses actes. Plus de cinq ou six enqu\u00eateurs \u00e9taient au poste de police de Zagora et l&rsquo;enqu\u00eate a dur\u00e9 plus de six heures sans interruption. \u00c0 la fin de l&rsquo;enqu\u00eate, ils ont stipul\u00e9 que je devais renoncer \u00e0 mes id\u00e9es politiques et ne plus participer aux diff\u00e9rentes luttes, sinon ce serait la prison.<\/p>\n<ol start=\"4\">\n<li><strong><u> \u00cates-vous harcel\u00e9? Et quelle est la nature de ce harc\u00e8lement?<\/u><\/strong><\/li>\n<\/ol>\n<p>Oui, j&rsquo;ai toujours \u00e9t\u00e9 harcel\u00e9 avant d\u2019\u00eatre convoqu\u00e9 parce que j&rsquo;ai re\u00e7u des menaces de la part de personnes via mon compte Facebook, contenant des insultes, en plus d&rsquo;appels t\u00e9l\u00e9phoniques de personnes inconnues. Ces pratiques et harc\u00e8lements \u00e9taient un danger pour moi et j&rsquo;ai toujours v\u00e9cu dans la peur et la terreur, mais je n&rsquo;ai jamais abandonn\u00e9.<\/p>\n<ol start=\"5\">\n<li><strong><u> Quelle est votre interpr\u00e9tation de cespoursuites?<\/u><\/strong><\/li>\n<\/ol>\n<p>Il n\u2019existe qu\u2019une seule explication, \u00e0 savoir que ces poursuitessont politiquesdans le but de faire taire les voix, et me faire taire \u00e9galement.<\/p>\n<ol start=\"6\">\n<li><strong><u> Quelle a \u00e9t\u00e9 la r\u00e9action des organisations de d\u00e9fense des droits de l&rsquo;homme \u00e0 Agdz et dans l&rsquo;ensemble du Maroc apr\u00e8s qu&rsquo;elles aient eu connaissance de ces poursuites \u00e0 votre encontre ?<\/u><\/strong><\/li>\n<\/ol>\n<p>Imm\u00e9diatement apr\u00e8s avoir eu connaissance de ces poursuites, elles ont rapidement adopt\u00e9ma d\u00e9fense, d&rsquo;autant plus que j&rsquo;\u00e9tais membrede la Ligue marocaine pour la d\u00e9fense des droits humains, section Agdz, et dans le comite local de l\u2019association Attac Maroc, qui a assum\u00e9 les frais de l&rsquo;affaire. Et des avocats ont d\u00e9cid\u00e9 de plaider b\u00e9n\u00e9volement.<\/p>\n<ol start=\"7\">\n<li><strong><u> Qu&rsquo;attendez-vous des organisations de d\u00e9fense des droits humains au Maroc et aux niveaux r\u00e9gional et international pour vous soutenir?<\/u><\/strong><\/li>\n<\/ol>\n<p>Soutenez-moi,restez \u00e0 mes c\u00f4t\u00e9s et aide- moi \u00e0 prouver mon innocence, contre ces accusations sans fondement et que je nie.<\/p>\n<p>&nbsp;<\/p>\n","protected":false},"excerpt":{"rendered":"<p>\u00a01-Qui est Farid Baali? N\u00e9 au Douar Zawiat d&rsquo;Ainas, dans la province d\u2019Agdz-Zagora, j&rsquo;ai effectu\u00e9 mes \u00e9tudes primaires \u00e0 l&rsquo;\u00e9cole d&rsquo;Ainas, puis j&rsquo;ai d\u00e9m\u00e9nag\u00e9 \u00e0 Agdz, o\u00f9 j&rsquo;ai \u00e9tudi\u00e9 au coll\u00e8ge Annakhil. \u00c0 ce moment j\u2019ai commenc\u00e9 \u00e0 lutter en participant aux c\u00f4t\u00e9s du mouvement \u00e9tudiant aux gr\u00e8ves, \u00e0 l&rsquo;int\u00e9rieur des murs du coll\u00e8ge ou [&hellip;]<\/p>\n","protected":false},"author":6,"featured_media":1000,"comment_status":"closed","ping_status":"open","sticky":false,"template":"","format":"standard","meta":{"_monsterinsights_skip_tracking":false,"_monsterinsights_sitenote_active":false,"_monsterinsights_sitenote_note":"","_monsterinsights_sitenote_category":0,"footnotes":""},"categories":[15],"tags":[179,178],"class_list":["post-999","post","type-post","status-publish","format-standard","has-post-thumbnail","hentry","category-luttes","tag-baali","tag-farid"],"_links":{"self":[{"href":"https:\/\/attacmaroc.org\/fr\/wp-json\/wp\/v2\/posts\/999","targetHints":{"allow":["GET"]}}],"collection":[{"href":"https:\/\/attacmaroc.org\/fr\/wp-json\/wp\/v2\/posts"}],"about":[{"href":"https:\/\/attacmaroc.org\/fr\/wp-json\/wp\/v2\/types\/post"}],"author":[{"embeddable":true,"href":"https:\/\/attacmaroc.org\/fr\/wp-json\/wp\/v2\/users\/6"}],"replies":[{"embeddable":true,"href":"https:\/\/attacmaroc.org\/fr\/wp-json\/wp\/v2\/comments?post=999"}],"version-history":[{"count":1,"href":"https:\/\/attacmaroc.org\/fr\/wp-json\/wp\/v2\/posts\/999\/revisions"}],"predecessor-version":[{"id":1001,"href":"https:\/\/attacmaroc.org\/fr\/wp-json\/wp\/v2\/posts\/999\/revisions\/1001"}],"wp:featuredmedia":[{"embeddable":true,"href":"https:\/\/attacmaroc.org\/fr\/wp-json\/wp\/v2\/media\/1000"}],"wp:attachment":[{"href":"https:\/\/attacmaroc.org\/fr\/wp-json\/wp\/v2\/media?parent=999"}],"wp:term":[{"taxonomy":"category","embeddable":true,"href":"https:\/\/attacmaroc.org\/fr\/wp-json\/wp\/v2\/categories?post=999"},{"taxonomy":"post_tag","embeddable":true,"href":"https:\/\/attacmaroc.org\/fr\/wp-json\/wp\/v2\/tags?post=999"}],"curies":[{"name":"wp","href":"https:\/\/api.w.org\/{rel}","templated":true}]}}