{"id":689,"date":"2017-08-16T18:28:45","date_gmt":"2017-08-16T17:28:45","guid":{"rendered":"http:\/\/attacmaroc.org\/fr\/?p=689"},"modified":"2020-08-20T15:31:17","modified_gmt":"2020-08-20T14:31:17","slug":"en-memoire-de-kamal-ammari-et-dimad-attabi","status":"publish","type":"post","link":"https:\/\/attacmaroc.org\/fr\/2017\/08\/16\/en-memoire-de-kamal-ammari-et-dimad-attabi\/","title":{"rendered":"En m\u00e9moire de Kamal Ammari et d\u2019Imad Attabi\u2026"},"content":{"rendered":"<p style=\"text-align: center;\">En m\u00e9moire de Kamal Ammari et d\u2019Imad Attabi\u2026<\/p>\n<p>L\u2019assassinat d\u2019Imad Attabi, jeune manifestant de Al Hoceima, gri\u00e8vement bless\u00e9 gri\u00e8vement \u00e0 la t\u00eate suite \u00e0 la r\u00e9pression de la manifestation du 20 juillet 2017 r\u00e9veille en moi des souvenirs douloureux, d\u2019un autre martyr du peuple marocain, Kamal Ammari, membre du mouvement du 20 f\u00e9vrier et originaire de Safi, tabass\u00e9 par la police lors d\u2019une manifestation du mouvement en 2011.<\/p>\n<p>A l\u2019\u00e9poque, j\u2019avais v\u00e9cu cet \u00e9pisode p\u00e9nible, avec d\u2019autres camarades de tr\u00e8s pr\u00e8s. C\u2019\u00e9tait un moment difficile et intense de l\u2019histoire du mouvement. Nous avions fait le voyage \u00e0 Safi pour rendre un dernier hommage \u00e0 Kamal. C\u2019\u00e9tait une journ\u00e9e du mois de juin. Nous avions attendu des heures pour qu\u2019il lib\u00e8re le corps de la morgue. Ensuite, nous avions particip\u00e9 aux fun\u00e9railles, sous forme d\u2019une marche dans les grands boulevards de la ville. Moment d\u2019\u00e9motion tr\u00e8s intense. Malgr\u00e9 la chaleur et la longueur du trajet, il y avait des dizaines de milliers de personnes qui ont parcouru Safi pour saluer le martyr du mouvement et de la ville.<\/p>\n<p>Apr\u00e8s mon retour, j\u2019avais suivi l\u2019enqu\u00eate, les rapports du CNDH et toutes les informations sur le sujet, je m\u2019accrochais \u00e0 l\u2019espoir que les assassins soient punis. Rien de cela ne s\u2019est concr\u00e9tis\u00e9. Tous les recours de la famille ont \u00e9t\u00e9 vains. Justice n\u2019a pas \u00e9t\u00e9 rendue \u00e0 Kamal et sa petite et grande famille. L\u2019impunit\u00e9 avait triomph\u00e9 une nouvelle fois au pays du Makhzen.<\/p>\n<p>L\u2019assassinat d\u2019Imad ressuscite en moi ces souvenirs atroces. Cette impunit\u00e9, cette impuissance face \u00e0 cet Etat voyou qui se permet tout, sans que personnes ne s\u2019indigne face \u00e0 ces crimes. A part quelques voix courageuses.<\/p>\n<p>Imad, Kamal, ou tous ces autres qui rendu l\u2019\u00e2me ce sont des manifestants comme moi. <strong>Ce sont des morts si proches. Ces personnes je ne l\u2019ai connaissait pas mais j\u2019ai un lien fort avec eux. <\/strong>\u00c7a pouvait \u00eatre un de nous. Cette mort suscite une peur certes mais surtout une col\u00e8re. Reposez en paix.<\/p>\n<p>S. Lemaizi<\/p>\n","protected":false},"excerpt":{"rendered":"<p>En m\u00e9moire de Kamal Ammari et d\u2019Imad Attabi\u2026 L\u2019assassinat d\u2019Imad Attabi, jeune manifestant de Al Hoceima, gri\u00e8vement bless\u00e9 gri\u00e8vement \u00e0 la t\u00eate suite \u00e0 la r\u00e9pression de la manifestation du 20 juillet 2017 r\u00e9veille en moi des souvenirs douloureux, d\u2019un autre martyr du peuple marocain, Kamal Ammari, membre du mouvement du 20 f\u00e9vrier et originaire [&hellip;]<\/p>\n","protected":false},"author":5,"featured_media":690,"comment_status":"closed","ping_status":"open","sticky":false,"template":"","format":"standard","meta":{"_monsterinsights_skip_tracking":false,"_monsterinsights_sitenote_active":false,"_monsterinsights_sitenote_note":"","_monsterinsights_sitenote_category":0,"footnotes":""},"categories":[15],"tags":[153,152],"class_list":["post-689","post","type-post","status-publish","format-standard","has-post-thumbnail","hentry","category-luttes","tag-imad-attabi","tag-kamal-ammari"],"_links":{"self":[{"href":"https:\/\/attacmaroc.org\/fr\/wp-json\/wp\/v2\/posts\/689","targetHints":{"allow":["GET"]}}],"collection":[{"href":"https:\/\/attacmaroc.org\/fr\/wp-json\/wp\/v2\/posts"}],"about":[{"href":"https:\/\/attacmaroc.org\/fr\/wp-json\/wp\/v2\/types\/post"}],"author":[{"embeddable":true,"href":"https:\/\/attacmaroc.org\/fr\/wp-json\/wp\/v2\/users\/5"}],"replies":[{"embeddable":true,"href":"https:\/\/attacmaroc.org\/fr\/wp-json\/wp\/v2\/comments?post=689"}],"version-history":[{"count":1,"href":"https:\/\/attacmaroc.org\/fr\/wp-json\/wp\/v2\/posts\/689\/revisions"}],"predecessor-version":[{"id":691,"href":"https:\/\/attacmaroc.org\/fr\/wp-json\/wp\/v2\/posts\/689\/revisions\/691"}],"wp:featuredmedia":[{"embeddable":true,"href":"https:\/\/attacmaroc.org\/fr\/wp-json\/wp\/v2\/media\/690"}],"wp:attachment":[{"href":"https:\/\/attacmaroc.org\/fr\/wp-json\/wp\/v2\/media?parent=689"}],"wp:term":[{"taxonomy":"category","embeddable":true,"href":"https:\/\/attacmaroc.org\/fr\/wp-json\/wp\/v2\/categories?post=689"},{"taxonomy":"post_tag","embeddable":true,"href":"https:\/\/attacmaroc.org\/fr\/wp-json\/wp\/v2\/tags?post=689"}],"curies":[{"name":"wp","href":"https:\/\/api.w.org\/{rel}","templated":true}]}}