{"id":594,"date":"2016-12-19T23:03:42","date_gmt":"2016-12-19T22:03:42","guid":{"rendered":"http:\/\/attacmaroc.org\/fr\/?p=594"},"modified":"2020-08-20T15:31:35","modified_gmt":"2020-08-20T14:31:35","slug":"sur-la-perspective-des-classes-dirigeantes-et-de-lelite-au-maroc-concernant-les-enjeux-environnementaux","status":"publish","type":"post","link":"https:\/\/attacmaroc.org\/fr\/2016\/12\/19\/sur-la-perspective-des-classes-dirigeantes-et-de-lelite-au-maroc-concernant-les-enjeux-environnementaux\/","title":{"rendered":"Sur la perspective des classes dirigeantes et de l\u2019\u00e9lite au Maroc concernant les enjeux environnementaux."},"content":{"rendered":"<p style=\"text-align: center;\"><strong>Sur la perspective des classes dirigeantes et de l\u2019\u00e9lite au Maroc concernant les enjeux environnementaux.<\/strong><\/p>\n<p><strong>\u00a0<\/strong><\/p>\n<p>Cet article a \u00e9t\u00e9 publi\u00e9 en version originale anglophone pour la premi\u00e8re fois le 12 octobre 2016.<\/p>\n<p><strong>par Jawad Moustakbal <\/strong><\/p>\n<p>14 d\u00e9cembre 2016<\/p>\n<p>\u00ab\u00a0La plus grande difficult\u00e9 rencontr\u00e9e est constitu\u00e9e par l\u2019esprit de n\u00e9o-colonis\u00e9 qu\u2019il y a dans ce pays. Nous avons \u00e9t\u00e9 colonis\u00e9s par un pays, la France, qui nous a donn\u00e9 certaines habitudes. Et pour nous, r\u00e9ussir dans la vie, avoir le bonheur, c\u2019est essayer de vivre comme en France, comme le plus riche des Fran\u00e7ais. Si bien que les transformations que nous voulons op\u00e9rer rencontrent des obstacles, des freins\u00a0\u00bb<br \/>\n<em>(Discours de <\/em>Thomas Sankara du <strong>4 avril 1986)<\/strong>\u00a0|<a href=\"http:\/\/www.cadtm.org\/spip.php?page=imprimer&amp;id_article=14308#nb1\" target=\"_blank\" rel=\"noopener\">1<\/a>|. &#8211; (1949-1987)<\/p>\n<p><em>\u00ab\u00a0De toutes les r\u00e9gions encore appel\u00e9es le tiers monde, la r\u00e9gion du Moyen Orient et de l\u2019Afrique du Nord est celle qui fait face \u00e0 la crise de d\u00e9veloppement la plus s\u00e9v\u00e8re\u00a0\u00bb<\/em>\u00a0|<a href=\"http:\/\/www.cadtm.org\/spip.php?page=imprimer&amp;id_article=14308#nb2\" target=\"_blank\" rel=\"noopener\">2<\/a>|. &#8211; Gilbert Achar<\/p>\n<p>Le Maroc est un mod\u00e8le d\u2019injustice climatique. Alors que ses propres \u00e9missions de gaz \u00e0 effet de serre sont globalement insignifiantes \u2013 avec 1.74 tonnes m\u00e9triques par habitant en 2011 compar\u00e9 \u00e0 17 tonnes m\u00e9triques aux Etats-Unis (voir Graphique) &#8211; le Maroc est parmi les pays les plus vuln\u00e9rables dans le monde face aux impacts n\u00e9gatifs du changement climatique. Cela est particuli\u00e8rement vrai en ce qui concerne les ressources en eau et l\u2019agriculture.<\/p>\n<p>Comme la plupart des pays non producteurs de p\u00e9trole de la r\u00e9gion MENA (Moyen-Orient et Afrique du Nord), le Maroc est l\u2019un des moins susceptible de s\u2019adapter aux impacts actuels et attendus du changement climatique. Ceci est d\u00fb \u00e0 un manque de d\u00e9mocratie au Maroc, \u00e0 une corruption end\u00e9mique, une pauvret\u00e9 g\u00e9n\u00e9ralis\u00e9e, un niveau \u00e9lev\u00e9 des in\u00e9galit\u00e9s \u00e9conomiques, et un faible niveau de l\u2019\u00e9ducation. Comme l\u2019explique Gilbert Achcar\u00a0: <em>\u00ab\u00a0de toutes les r\u00e9gions encore appel\u00e9es le tiers monde, la r\u00e9gion du Moyen Orient et de l\u2019Afrique du Nord est celle qui fait face a la crise de d\u00e9veloppement la plus s\u00e9v\u00e8re\u00a0\u00bb<\/em>\u00a0|<a href=\"http:\/\/www.cadtm.org\/spip.php?page=imprimer&amp;id_article=14308#nb3\" target=\"_blank\" rel=\"noopener\">3<\/a>|.<\/p>\n<p><a href=\"https:\/\/attacmaroc.org\/fr\/wp-content\/uploads\/2016\/12\/1.jpg\"><img fetchpriority=\"high\" decoding=\"async\" class=\"aligncenter wp-image-595 size-full\" src=\"https:\/\/attacmaroc.org\/fr\/wp-content\/uploads\/2016\/12\/1.jpg\" alt=\"1\" width=\"400\" height=\"190\" data-wp-pid=\"595\" srcset=\"https:\/\/attacmaroc.org\/fr\/wp-content\/uploads\/2016\/12\/1.jpg 400w, https:\/\/attacmaroc.org\/fr\/wp-content\/uploads\/2016\/12\/1-300x143.jpg 300w\" sizes=\"(max-width: 400px) 100vw, 400px\" \/><\/a><\/p>\n<p>Cet article tend \u00e0 montrer comment l\u2019\u00c9tat marocain n\u2019a pas deposition claire et ind\u00e9pendante relative aux questions environnementales globales et la crise climatique; et n\u2019a pas r\u00e9ussi \u00e0 d\u00e9velopper sa propre strat\u00e9gie dans le processus de n\u00e9gociation de la Convention-cadre des Nations unies sur les changements climatiques (CCNUCC). Ce manque d\u2019ind\u00e9pendance trouve son origine dans l\u2019histoire du colonialisme fran\u00e7ais et dans la th\u00e9orie de la modernisation d\u2019apr\u00e8s-guerre, ainsi que dans l\u2019alliance des classes dirigeantes marocaines avec le capital \u00e9tranger.<\/p>\n<p><strong><br \/>\nEst-ce que le r\u00e9gime marocain a une r\u00e9elle perspective ind\u00e9pendante concernant les enjeux environnementaux dans le monde\u00a0?<\/strong><\/p>\n<p>Le r\u00e9gime marocain ne base pas ses politiques environnementales sur sa position en tant que pays victime d\u2019injustices climatiques. Il ne s\u2019est pas alli\u00e9 \u00e0 d\u2019autres pays du Sud pour r\u00e9clamer son droit \u00e0 la justice environnementale, pour r\u00e9clamer la reconnaissance de sa dette \u00e9cologique \u2013 une dette \u00e9cologique historique que les pays du Nord et leurs grandes entreprises doivent \u00e0 tous les pays pauvres du Sud. Plut\u00f4t que de d\u00e9velopper sa propre approche en collaboration avec des pays du Sud semblables, le r\u00e9gime marocain continue d\u2019adopter des positions similaires \u00e0 celles pr\u00e9conis\u00e9es par les puissances mondiales telles que la France et les \u00c9tats-Unis.<\/p>\n<p>De plus, l\u2019alignement du r\u00e9gime marocain sur les monarchies du Golfe, particuli\u00e8rement l\u2019Arabie Saoudite, est encore plus troublant en ce qui concerne la position des n\u00e9gociateurs marocains dans les n\u00e9gociations climatiques \u2013 en raison de la position tr\u00e8s conservatrice de l\u2019Arabie Saoudite dans ces n\u00e9gociations. Sa\u00efd Reem Al Mealla, co-fondateur du Mouvement Arabe de la jeunesse sur le climat, a expliqu\u00e9 juste avant la COP 21 \u00e0 Paris\u00a0:<br \/>\n<em>\u00ab\u00a0La soci\u00e9t\u00e9 civile arabe fait pression sur les pays arabes pour prendre une position collective plus forte lors des pourparlers de la COP21 \u00e0 Paris mais c\u2019est difficile, en particulier pour les \u00c9tats producteurs de p\u00e9trole. L\u2019Arabie Saoudite est opaque et refuse de collaborer ce moment. Ils ont embauch\u00e9 une \u00e9quipe de Relations Publiques pour g\u00e9rer toute leur communications et nous trouvons qu\u2019il est tr\u00e8s difficile de se mettre en contact avec eux\u00a0\u00bb<\/em>\u00a0|<a href=\"http:\/\/www.cadtm.org\/spip.php?page=imprimer&amp;id_article=14308#nb4\" target=\"_blank\" rel=\"noopener\">4<\/a>|].<\/p>\n<p>M\u00eame si le Maroc a pris part \u00e0 toutes les Conf\u00e9rences des Parties (COPs) depuis leur lancement en 1995, il est difficile d\u2019identifier une strat\u00e9gie autonome ou une position politique claire chez les n\u00e9gociateurs marocains. Ilest aussi difficile d\u2019identifier les alli\u00e9s du Maroc\u00a0: les pays arabes\u00a0? Les pays africains\u00a0? Le Groupe des 77\u00a0|<a href=\"http:\/\/www.cadtm.org\/spip.php?page=imprimer&amp;id_article=14308#nb5\" target=\"_blank\" rel=\"noopener\">5<\/a>|, \u00a0la Chine\u00a0? En raison de cette absence de vision claire, \u00ab\u00a0nos\u00a0\u00bb n\u00e9gociateurs sont perdus parmi plus de 20 groupes de pression.<\/p>\n<p>En cons\u00e9quence, la participation marocaine dans ces n\u00e9gociations n\u2019est pas plus que symbolique. C\u2019est la situation d\u00e9crite par un n\u00e9gociateur marocain, qui a pr\u00e9f\u00e9r\u00e9 l\u2019anonymat, et qui a pris part aux n\u00e9gociations de la COP depuis plusieurs ann\u00e9es\u00a0:<br \/>\n<em>\u00ab\u00a0Le changement climatique implique un grand nombre de r\u00e9unions et beaucoup de voyages\u2026 On ne peut que s\u2019interroger sur l\u2019utilit\u00e9 de telles r\u00e9unions. M\u00eame lorsqu\u2019un accord est conclu, comme \u00e0 Kyoto en 1997, l\u2019accord n\u2019est jamais pleinement appliqu\u00e9 et les objectifs ne sont jamais totalement atteints\u00a0\u00bb<\/em>\u00a0|<a href=\"http:\/\/www.cadtm.org\/spip.php?page=imprimer&amp;id_article=14308#nb6\" target=\"_blank\" rel=\"noopener\">6<\/a>|.<\/p>\n<p>En outre il pr\u00e9tend que\u00a0:<br \/>\n<em>\u00ab\u00a0\u2026 ces r\u00e9unions deviennent un v\u00e9ritable gaspillage de temps et d\u2019\u00e9nergie. D\u2019apr\u00e8s mon exp\u00e9rience, je sais que rien ne se passe avant la toute derni\u00e8re minute des deux semaines de n\u00e9gociations. Je sais qu\u2019il y aura des d\u00e9cisions d\u00e9cevantes, faites dans des salles cach\u00e9es entre quelques d\u00e9l\u00e9gu\u00e9s de pays importants et elles seront annonc\u00e9es tr\u00e8s t\u00f4t le lendemain matin\u00a0\u00bb<\/em><\/p>\n<p>D\u2019autre part, \u00e9tant donn\u00e9 l\u2019absence d\u2019une vision claire et l\u2019\u00e9chec de nos repr\u00e9sentants \u00e0 participer et \u00e0 agir de mani\u00e8re ind\u00e9pendante, le r\u00f4le du Maroc dans la tenue de telles conf\u00e9rences internationales se limite aux questions logistiques\u00a0; c\u2019est- un organisateur de f\u00eates charg\u00e9 de pr\u00e9parer le lieu de la c\u00e9r\u00e9monie et le d\u00e9corer, de prendre soin des invit\u00e9s en assurant la restauration et la musique \u2026\u00a0\u00bb<\/p>\n<p><strong>\u201cLe capitalisme vert marocain\u201d<\/strong><\/p>\n<p>Le fait que les classes dirigeantes du Maroc n\u2019aient pas de perspective claire et autonome sur la crise climatique ne les emp\u00eache pas de chercher de nouvelles opportunit\u00e9s pour accumuler plus de profits au nom de la protection de l\u2019environnement.<\/p>\n<p>La plupart des entreprises impliqu\u00e9es dans des projets de d\u00e9veloppement \u00e9cologique, tant nationales qu\u2019\u00e9trang\u00e8res ont historiquement \u00e9t\u00e9 responsables de la pollution de beaucoup d\u2019\u00e9cosyst\u00e8mes locaux.<br \/>\nUn exemple en est la <em>Soci\u00e9t\u00e9 Nationale d\u2019Investissement<\/em> (SNI), soci\u00e9t\u00e9 de portefeuille dont le plus grand actionnaire est la famille royale. Elle se pr\u00e9sente aujourd\u2019hui comme un leader dans le d\u00e9veloppement durable au Maroc, particuli\u00e8rement dans l\u2019\u00e9nergie \u00e9olienne. Cependant, non seulement son entreprise sucri\u00e8re <em>Consumar<\/em> a \u00e9t\u00e9 impliqu\u00e9e dans des d\u00e9sastres de pollution mais sa branche mini\u00e8re <em>Managem<\/em> et sa mine d\u2019argent \u00ab\u00a0Imider\u00a0\u00bb, localis\u00e9e dans le sud du Maroc, a provoqu\u00e9 la contamination d\u2019aquif\u00e8res et elle est toujours en conflit avec la population locale concernant les ressources en eau\u00a0|<a href=\"http:\/\/www.cadtm.org\/spip.php?page=imprimer&amp;id_article=14308#nb7\" target=\"_blank\" rel=\"noopener\">7<\/a>|.<br \/>\nLa participation des classes dominantes dans les projets \u00ab\u00a0verts\u00a0\u00bb aujourd\u2019hui n\u2019est rien d\u2019autre qu\u2019une continuation des op\u00e9rations de vol \u00ab\u00a0l\u00e9gitim\u00e9\u00a0\u00bb, dans lesquels elles ont \u00e9t\u00e9 impliqu\u00e9es depuis l\u2019ind\u00e9pendance officielle du Maroc. Comme l\u2019a bien d\u00e9crit Frantz Fanon (1961) dans <em>Les Damn\u00e9s de la Terre<\/em>\u00a0:<\/p>\n<p><em>\u00ab\u00a0Il arrive que la d\u00e9colonisation ait lieu dans des r\u00e9gions qui n&rsquo;ont pas \u00e9t\u00e9 suffisamment secou\u00e9es par la lutte de lib\u00e9ration et l&rsquo;on retrouve ces m\u00eames intellectuels d\u00e9brouillards, malins, astucieux. On retrouve chez eux, intactes, les conduites\u00a0 et\u00a0 les\u00a0 formes\u00a0 de\u00a0 pens\u00e9e\u00a0 ramass\u00e9es\u00a0 au\u00a0 cours\u00a0 de\u00a0 leur\u00a0 fr\u00e9quentation\u00a0 de\u00a0 la bourgeoisie colonialiste. Enfants g\u00e2t\u00e9s hier du colonialisme, aujourd&rsquo;hui de l&rsquo;autorit\u00e9\u00a0 nationale,\u00a0 ils\u00a0 organisent\u00a0 le\u00a0 pillage\u00a0 des\u00a0 quelques\u00a0 ressources\u00a0 nationales.\u00a0 Impitoyables, ils se hissent par les combines ou les vols l\u00e9gaux: import-export, soci\u00e9t\u00e9s anonymes, jeux de bourse, passe-droits, sur cette mis\u00e8re aujourd&rsquo;hui nationale. Ils\u00a0 demandent\u00a0 avec\u00a0 insistance\u00a0 la\u00a0 nationalisation\u00a0 des\u00a0 affaires\u00a0 commerciales,\u00a0 c&rsquo;est-\u00e0-dire\u00a0 la\u00a0 r\u00e9servation\u00a0 des\u00a0 march\u00e9s\u00a0 et\u00a0 des\u00a0 bonnes\u00a0 occasions\u00a0 aux\u00a0 seuls\u00a0 nationaux.\u00a0\u00bb <\/em>\u00a0|<a href=\"http:\/\/www.cadtm.org\/spip.php?page=imprimer&amp;id_article=14308#nb8\" target=\"_blank\" rel=\"noopener\">8<\/a>|. Dans notre contexte local, ceci revient \u00e0 la \u201cmarocanisation\u201d du vol des ressources marocaines.<\/p>\n<p><strong>Un discours anti-pastoral<\/strong><\/p>\n<p>Les classes dirigeantes au Maroc ont h\u00e9rit\u00e9 du discours environnemental du colonialisme fran\u00e7ais, qui dans le cadre de sa \u00ab\u00a0<em>mission civilisatrice\u00a0\u00bb<\/em>, a pr\u00e9sent\u00e9 les m\u00e9thodes de subsistance traditionnelles des indig\u00e8nes comme inefficaces et nuisibles \u00e0 la terre. Ce discours pr\u00e9tend que pour conserver la terre et les autres ressources naturelles, la foresterie traditionnelle et les m\u00e9thodes d\u2019agriculture et de p\u00e2turage sur les terres collectives devraient \u00eatre remplac\u00e9s par l\u2019agriculture moderne et la propri\u00e9t\u00e9 priv\u00e9e. Ce discours colonial \u2013 appelez-le anti-pastoral, proto-conservateur, moderniste \u2013 \u00e9tait premi\u00e8rement utilis\u00e9 par les fran\u00e7ais en Alg\u00e9rie comme une justification technocratique pour d\u00e9poss\u00e9der les locaux de leur terre et ressources. Comme l\u2019explique\u00a0Davis, D.K. (2006):<\/p>\n<p><em>\u00ab\u00a0[Ce discours] \u00e9tait largement utilis\u00e9 pour faciliter l\u2019appropriation des terres collectives, un exemple classique de confiscation des biens communs si embl\u00e9matiques dans le changement des relations sociales avec la nature entrepris pendant cette p\u00e9riode du lib\u00e9ralisme classique et de la mont\u00e9e de l\u2019\u00e9conomie mondiale. L\u2019utilisation actuelle de ce discours n\u00e9ocolonialiste par la monarchie marocaine et les acteurs financiers internationaux a facilit\u00e9 la confiscation contemporaine des biens communs\u00a0; \u2026 l\u2019utilisation de ce r\u00e9cit faisait des \u00e9leveurs marocains et des agriculteurs de subsistance comme des \u00ab\u00a0hors-la-loi\u00a0\u00bb \u2026 Cela a aussi \u00e9t\u00e9 utilis\u00e9 pour changer et r\u00e9\u00e9crire de nombreuses lois et politiques au cours de la p\u00e9riode coloniale. Dans ce processus, les usages traditionnels de la for\u00eat et des terres par les Alg\u00e9riens ont \u00e9t\u00e9 syst\u00e9matiquement criminalis\u00e9s et la majorit\u00e9 de la population indig\u00e8ne a \u00e9t\u00e9 marginalis\u00e9e et appauvrie. Le m\u00eame r\u00e9cit environnemental fut port\u00e9 \u00e0 la Tunisie en 1881 et au Maroc en 1912, avec les m\u00eame effets.\u00bb<\/em>\u00a0|<a href=\"http:\/\/www.cadtm.org\/spip.php?page=imprimer&amp;id_article=14308#nb9\" target=\"_blank\" rel=\"noopener\">9<\/a>|.<\/p>\n<p>Ce premier discours colonial s\u2019est fusionn\u00e9 avec ce qui est connu \u00e0 pr\u00e9sent comme la Th\u00e9orie de la modernisation apr\u00e8s la Seconde guerre mondiale. D\u00e9sormais au nom du d\u00e9veloppement plut\u00f4t que de la mission civilisatrice, un nouveau groupe d\u2019institutions financi\u00e8res internationales, telles que la Banque mondiale et le Fond mon\u00e9taire international (FMI) ainsi que l\u2019USAID, attaquent les formes de propri\u00e9t\u00e9 collective comme \u00e9tant inefficaces et poussent plut\u00f4t vers un mod\u00e8le de propri\u00e9t\u00e9 priv\u00e9e, capitalistique , avec une utilisation intensive de produits chimiques. Malgr\u00e9 que ceci a \u00e9t\u00e9 pr\u00e9sent\u00e9 comme le chemin vers la prosp\u00e9rit\u00e9 pour tous, il n\u2019a entrain\u00e9 qu\u2019une hausse des in\u00e9galit\u00e9s.<\/p>\n<p>Comme l\u2019explique assez bien K. Davis, ces nouveaux champions de la mondialisation capitaliste \u2026 \u00ab\u00a0<em>ont utilis\u00e9 ce discours pour encourager les r\u00e9formes dans la gestion des p\u00e2turages pendant 30 ans. Invoquant la th\u00e8se lib\u00e9rale de la \u00ab\u00a0trag\u00e9die des communs\u00a0\u00bb de Garrett Hardin qui pr\u00e9tend que toutes les terres communes seront n\u00e9cessairement surexploit\u00e9es et devraient donc \u00eatre privatis\u00e9es, l\u2019USAID a fortement recommand\u00e9e qu\u2019au Maroc \u00ab\u00a0les p\u00e2turages collectifs doivent premi\u00e8rement \u00eatre confisqu\u00e9s\u00a0\u00bb\u2026 L\u2019USAID affirme qu\u2019il est n\u00e9cessaire de cl\u00f4turer les p\u00e2turages collectifs en raison de sa s\u00e9v\u00e8re d\u00e9gradation, bien qu\u2019il admet \u00ab\u00a0qu\u2019il n\u2019y a pas de donn\u00e9es fiables sur le degr\u00e9 de la d\u00e9gradation actuelle\u00a0\u00bb\u2026 Malgr\u00e9 ce manque d\u00e9routant de donn\u00e9es d\u00e9montrant le surp\u00e2turage et la d\u00e9gradation des sols, l\u2019USAID a conseill\u00e9 le Maroc de privatiser les p\u00e2turages depuis les ann\u00e9es 60<\/em>\u00a0\u00bb\u00a0|<a href=\"http:\/\/www.cadtm.org\/spip.php?page=imprimer&amp;id_article=14308#nb10\" target=\"_blank\" rel=\"noopener\">10<\/a>|.<\/p>\n<p>Au cours des deux derni\u00e8res d\u00e9cennies, un autre discours technocratique de modernisation a \u00e9merg\u00e9 et a tent\u00e9 de se pr\u00e9sent\u00e9 comme \u00ab\u00a0vert\u00a0\u00bb. Aujourd\u2019hui, dans des milieux qui pr\u00e9tendent \u00eatre progressistes, efficaces et innovants, la gestion environnementale est invoqu\u00e9e pour justifier les attaques sur la propri\u00e9t\u00e9 collective et publique.<\/p>\n<p>Malheureusement, dans le milieu universitaire marocain et dans les discussions publiques, la question de l\u2019\u00e9cologie politique est presque enti\u00e8rement absente. Le fait que la publication et la recherche universitaire reste toujours faible n\u2019aide pas \u00e0 surmonter le discours dominant sur le \u00ab\u00a0suppos\u00e9\u00a0\u00bb progr\u00e8s capitaliste. \u00ab\u00a0En 2009, le nombre de publications scientifiques marocaines n\u2019a pas d\u00e9pass\u00e9 les 3100, loin derri\u00e8re l\u2019Afrique du Sud, l\u2019Egypte, la Tunisie, l\u2019Arabie Saoudite et l\u2019Alg\u00e9rie\u00a0\u00bb\u00a0|<a href=\"http:\/\/www.cadtm.org\/spip.php?page=imprimer&amp;id_article=14308#nb11\" target=\"_blank\" rel=\"noopener\">11<\/a>|.<\/p>\n<p><strong><br \/>\nQue dit la soci\u00e9t\u00e9 civile marocaine sur les questions environnementales\u00a0?<\/strong><\/p>\n<p>Si les dirigeants et les classes dominantes sont incapables de d\u00e9velopper une perspective ind\u00e9pendante et alternative sur le probl\u00e8me du changement climatique et de la crise environnementale mondiale, alors la question qui se pose est\u00a0: Y-a-t-il un autre acteur dans le pays qui peut penser \u00e0 cette perspective alternative, et plus pr\u00e9cis\u00e9ment, la soci\u00e9t\u00e9 civile est-elle capable de le faire\u00a0? R\u00e9cemment, le Maroc a assist\u00e9 \u00e0 l\u2019\u00e9mergence de milliers d\u2019associations dites de la soci\u00e9t\u00e9 civile focalis\u00e9es sur les probl\u00e8mes environnementaux. La quantit\u00e9 et les activit\u00e9s de ces associations ont augment\u00e9 \u00e0 l\u2019occasion de l\u2019organisation par le Maroc de la COP22. Le r\u00e9sultat est l\u2019expansion des associations \u00ab\u00a0mercenaires\u00a0\u00bb profitant du sujet de la protection environnementale pour b\u00e9n\u00e9ficier de subventions. Par ailleurs, l\u2019\u00c9tat intervient s\u00e9rieusement pour tenir les ONGs \u00e9loign\u00e9es des enjeux environnementaux majeurs consid\u00e9r\u00e9s comme politiquement sensibles, et limiter leur champs d\u2019intervention \u00e0 la simple collecte des ordures et \u00e0 la plantation d\u2019arbres, comme on le voit dans la campagne de \u00ab\u00a0Boundif\u00a0\u00bb \u00a0pour le nettoyage des plages\u00a0|<a href=\"http:\/\/www.cadtm.org\/spip.php?page=imprimer&amp;id_article=14308#nb12\" target=\"_blank\" rel=\"noopener\">12<\/a>|.<\/p>\n<p>De plus, certaines organisations environnementales\u00a0 essayent de rem\u00e9dier \u00e0 la n\u00e9gligence de l\u2019Etat dans diff\u00e9rents domaines, et \u00e0 son incapacit\u00e9 \u00e0 fournir des infrastructures de base telles qu\u2019alimenter en eau des villages, construire des routes, ou aider les habitants \u00e0 s\u2019organiser en coop\u00e9ratives pour produire et distribuer des produits locaux.<\/p>\n<p>Au-del\u00e0 d\u2019une connaissance insuffisante concernant les d\u00e9fis environnementaux mondiaux, un certain nombre de militants consid\u00e8rent le d\u00e9bat sur ces sujets comme un luxe intellectuel, compte tenu du niveau de pauvret\u00e9 et du manque de d\u00e9mocratie qui existe actuellement au Maroc. Ce groupe \u00a0adopte une perspective \u00ab\u00a0m\u00e9canique\u00a0\u00bb qui peut \u00eatre r\u00e9sum\u00e9e de la mani\u00e8re suivante\u00a0: nous devons militer d\u2019abord pour \u00e9tablir une d\u00e9mocratie et r\u00e9clamer des droits \u00e9conomiques et politiques. Quand ces conditions seront remplies, nous pourrons parler de protection de l\u2019environnement et discuter de la crise climatique. Ceci \u00e9tait \u00e9vident dans les manifestations du mouvement du 20 f\u00e9vrier, qui n\u2019incluaient pas de demandes claires concernant le probl\u00e8me de l\u2019environnement, \u00e0 l\u2019exception de quelques slogans li\u00e9s \u00e0 la r\u00e9partition des richesses naturelles. (Voir photo)<\/p>\n<p><a href=\"https:\/\/attacmaroc.org\/fr\/wp-content\/uploads\/2016\/12\/2.jpg\"><img decoding=\"async\" class=\" size-medium wp-image-596 aligncenter\" src=\"https:\/\/attacmaroc.org\/fr\/wp-content\/uploads\/2016\/12\/2-300x200.jpg\" alt=\"2\" width=\"300\" height=\"200\" data-wp-pid=\"596\" srcset=\"https:\/\/attacmaroc.org\/fr\/wp-content\/uploads\/2016\/12\/2-300x200.jpg 300w, https:\/\/attacmaroc.org\/fr\/wp-content\/uploads\/2016\/12\/2.jpg 400w\" sizes=\"(max-width: 300px) 100vw, 300px\" \/><\/a><\/p>\n<p style=\"text-align: center;\">Manifestation qui a eu lieu \u00e0 Rabat en 2011 avec une pancarte o\u00f9 on peut lire \u2018nous avons des phosphates et deux mers mais nous vivons une vie de mis\u00e8re\u00a0\u00bb<\/p>\n<p style=\"text-align: center;\">\n<p style=\"text-align: left;\"><strong> Un chemin plein d\u2019espoir\u00a0: Vers un mod\u00e8le de d\u00e9veloppement \u00e9co-socialiste<\/strong><\/p>\n<p>En 2009, j\u2019ai particip\u00e9 au Forum Social Mondial (FSM) \u00e0 Bel\u00e9m, capitale et plus grande ville de l\u2019\u00c9tat de Par\u00e1 dans le nord du Br\u00e9sil aux portes du fleuve Amazone. Le forum de Bel\u00e9m \u00e9tait un des FSM les plus r\u00e9ussi gr\u00e2ce notamment \u00e0 l\u2019implication directe des br\u00e9siliens, avec plus de 140.000 participants, en particulier des peuples autochtones\u00a0|<a href=\"http:\/\/www.cadtm.org\/spip.php?page=imprimer&amp;id_article=14308#nb13\" target=\"_blank\" rel=\"noopener\">13<\/a>|]. Cette ann\u00e9e-l\u00e0, le FSM s\u2019\u00e9tait principalement focalis\u00e9 sur la crise environnementale mondiale, en la consid\u00e9rant comme un des pires aspects de la \u00ab\u00a0crise syst\u00e9mique\u00a0\u00bb et de la \u00ab\u00a0crise de civilisation\u00a0\u00bb auxquels le monde fait face aujourd\u2019hui.<\/p>\n<p>J\u2019ai \u00e9t\u00e9 t\u00e9moin et j\u2019ai \u00e9t\u00e9 impressionn\u00e9 par la fa\u00e7on dont les ONG sociales et environnementales tiraient leurs forces de leur peuple et essayent de d\u00e9velopper des alternatives bas\u00e9es sur leurs propres histoires et traditions, sans importer des solutions toutes faites venant de l\u2019Ouest. Inspir\u00e9 par cela, je crois qu\u2019un d\u00e9fi fondamental auxquels sont confront\u00e9s les militants sinc\u00e8res et les ONG dans la r\u00e9gion MENA est\u00a0: comment construire un v\u00e9ritable mouvement de justice sociale et environnementale, reli\u00e9 au mouvement international, mais ne reproduisant pas la m\u00eame relation n\u00e9ocoloniale avec les puissances occidentales que nos gouvernements maintiennent toujours\u00a0?<\/p>\n<p>Le chemin pour construire un r\u00e9el mouvement de justice environnementale au Maroc sera long et dur, mais il \u00a0est devenu aujourd\u2019hui \u00e0 la fois in\u00e9vitable et n\u00e9cessaire de le tracer.<\/p>\n<p>La premi\u00e8re \u00e9tape vers la construction d\u2019un tel mouvement est de comprendre consciencieusement les dommages que les mod\u00e8les de d\u00e9veloppement adopt\u00e9s jusqu\u2019\u00e0 maintenant g\u00e9n\u00e8rent dans les syst\u00e8mes environnementaux. Et ce, en fournissant des analyses critiques \u00e0 partir d\u2019une perspective de justice environnementale des plans \u00e9conomiques strat\u00e9giques qui se d\u00e9roulent actuellement au Maroc\u00a0; et aussi en proposant des alternatives pratiques avec pour objectif de construire un mod\u00e8le de d\u00e9veloppement progressiste, c\u2019est-\u00e0-dire un mod\u00e8le \u00e9co-socialiste.<\/p>\n<p>Le point le plus important \u00e0 souligner ici, est la contradiction structurelle entre les ressources naturelles limit\u00e9es du pays et les choix strat\u00e9giques adopt\u00e9s par les dirigeants du Maroc. La plupart des plans mis en place, tels que le <em>Plan Azur<\/em> pour le tourisme, le <em>Plan vert marocain<\/em> pour l\u2019agriculture et le <em>Plan Halieutis<\/em> pour la p\u00eache, non seulement ignorent l\u2019impact des changements climatiques sur les ressources que le Maroc poss\u00e8de, mais renforcent leur \u00e9puisement en encourageant leur surexploitation. Les cons\u00e9quences d\u00e9j\u00e0 visibles et celles potentielles de ces plans sur les ressources naturelles du pays, conjugu\u00e9es \u00e0 l\u2019approche \u00e9conomique n\u00e9olib\u00e9rale et aux plans d\u2019ajustement structurel mis en place depuis plusieurs d\u00e9cennies, ajout\u00e9es aux impacts actuels et futurs du changement climatique, conduisent \u00e0 une imminente \u00ab\u00a0convergence catastrophique\u00a0\u00bb\u00a0|<a href=\"http:\/\/www.cadtm.org\/spip.php?page=imprimer&amp;id_article=14308#nb14\" target=\"_blank\" rel=\"noopener\">14<\/a>|, et constituent une v\u00e9ritable menace pour la nature humaine et non-humaine du Maroc.<\/p>\n<p>Le second d\u00e9fi pour construire un grand mouvement de justice environnementale est de favoriser les connections et solidarit\u00e9s entre les v\u00e9ritables victimes de l\u2019injustice environnementale locale et mondiale qui luttent chaque jour partout au Maroc pour prot\u00e9ger leurs droits et leurs territoires.<\/p>\n<p><strong><br \/>\nPour citer quelques exemples\u00a0:<\/strong><\/p>\n<p>\u00c0 Ouarzazate\/Imider, les communaut\u00e9s locales luttent depuis 2011 contre la surexploitation et la pollution de l\u2019eau par une entreprise mini\u00e8re, ainsi que pour leurs droits historiques et leur souverainet\u00e9 sur leurs propres ressources\u00a0;<\/p>\n<p>\u00c0 Bensmim, les villageois ont men\u00e9 une lutte spectaculaire qui a dur\u00e9 plus de 10 ans pour d\u00e9fendre leurs droits relatifs \u00e0 l\u2019eau contre une entreprise de mise en bouteille appartenant \u00e0 une multinationale soutenue par les autorit\u00e9s centrales\u00a0;<\/p>\n<p>\u00c0 Mohamedia, les habitants ont pris position contre un puissant lobby immobilier priv\u00e9 qui voulait \u201ccl\u00f4turer\u201d et d\u00e9truire leurs plages, plages d\u00e9j\u00e0 alt\u00e9r\u00e9es par les industries locales, notamment par une digue construite pout les besoins d\u2019importation de p\u00e9trole pour la raffinerie \u00ab\u00a0Samir\u00a0\u00bb. Nous devons nous rappeler que cette m\u00eame raffinerie, la seule au Maroc privatis\u00e9e dans les ann\u00e9es 90, a \u00e9t\u00e9 conduite vers la faillite d\u00e9but 2016 par ses nouveaux propri\u00e9taires priv\u00e9s\u00a0;<\/p>\n<p>\u00c0 Saadia, une coalition d\u2019ONG locales men\u00e9e par un ing\u00e9nieur agronome local a r\u00e9v\u00e9l\u00e9 l\u2019impact catastrophique d\u2019un m\u00e9gaprojet touristique peu judicieux qui nuisait \u00e0 l\u2019\u00e9cosyst\u00e8me c\u00f4tier et excluait et marginalisait les communaut\u00e9s locales\u00a0;<\/p>\n<p>\u00c0 Agadir\/Ait Melloul, de petites ONG men\u00e9es par d\u2019anciens membres de l\u2019association des dipl\u00f4m\u00e9s ch\u00f4meurs ont r\u00e9ussi \u00e0 arr\u00eater une usine tr\u00e8s nuisible et polluante impliqu\u00e9e dans le recyclage d\u2019huiles de cuisine.<\/p>\n<p>Ces luttes sont, pour moi, une source d\u2019espoir et d\u2019inspiration. L\u2019espoir que nous pouvons construire un grand mouvement populaire de justice environnementale de grande envergure au Maroc. Un mouvement agissant non seulement pour une v\u00e9ritable protection des \u00e9cosyst\u00e8mes locaux mais aussi pour une souverainet\u00e9 r\u00e9elle et totale des citoyens et des communaut\u00e9s locales sur leurs ressources naturelles et pour leur droit l\u00e9gitime de d\u00e9cider des utilisations appropri\u00e9es de leur eau, leurs terres, leurs for\u00eats, leur mer et leur soleil.<\/p>\n<p>Casablanca, Octobre, 2016<\/p>\n<ol>\n<li>Jawad (Attac\/Cadtm Maroc)<\/li>\n<\/ol>\n<p><em><br \/>\nTraduit par Trommons<\/em><\/p>\n<p>&nbsp;<\/p>\n<p>Cette publication est une mise \u00e0 jour d\u2019un article publi\u00e9 par le magazine \u201cPerspectives\u201d \u00ab\u00a0n\u00b09 ao\u00fbt 2016\u00a0\u00bb \u00e9dit\u00e9 par la Fondation Heinrich Boll.<\/p>\n<p>Notes :<\/p>\n<p>|<a href=\"http:\/\/www.cadtm.org\/spip.php?page=imprimer&amp;id_article=14308#nh1\" target=\"_blank\" rel=\"noopener\">1<\/a>| Gakunzinom, D.(1988) <em>Oser Inventer L\u2019avenir\u00a0: La parole de Sankara (1983 &#8211; 1987)<\/em>. Atlanta\u00a0: Pathfinder Press. p. 13<\/p>\n<p>|<a href=\"http:\/\/www.cadtm.org\/spip.php?page=imprimer&amp;id_article=14308#nh2\" target=\"_blank\" rel=\"noopener\">2<\/a>| Achar, G. (2013) <em>The people want\u00a0: A Radical Exploration of Arab Uprising<\/em>. London\u00a0: University of California Press. P.10<\/p>\n<p>|<a href=\"http:\/\/www.cadtm.org\/spip.php?page=imprimer&amp;id_article=14308#nh3\" target=\"_blank\" rel=\"noopener\">3<\/a>| <em>\u00a0Ibid<\/em>, p.10<\/p>\n<p>|<a href=\"http:\/\/www.cadtm.org\/spip.php?page=imprimer&amp;id_article=14308#nh4\" target=\"_blank\" rel=\"noopener\">4<\/a>| Pari, T. <em>Here\u2019s why Saudi Arabia is highly unpopular at Paris climate conference<\/em>. [Online] Updated\u00a0: December 10, 2015 4:53 pm. Available\u00a0: <a href=\"http:\/\/indianexpress.com\/article\/blogs\/heres-why-saudi-arabia-is-highly-unpopular-at-paris-climate-conference\/\" target=\"_blank\" rel=\"noopener\">http:\/\/indianexpress.com\/article\/bl&#8230;<\/a> [28 May 2016<\/p>\n<p>|<a href=\"http:\/\/www.cadtm.org\/spip.php?page=imprimer&amp;id_article=14308#nh5\" target=\"_blank\" rel=\"noopener\">5<\/a>| \u00ab\u00a0Le Groupe des 77 est la plus grande organisation intergouvernementale des pays en d\u00e9veloppement des Nations unies qui offre aux pays du Sud les moyens d\u2019articuler et de promouvoir leurs int\u00e9r\u00eats \u00e9conomiques collectifs et de renforcer leur capacit\u00e9 de n\u00e9gociation commune sur toutes les grandes questions \u00e9conomiques internationales au sein de l\u2019ONU et de promouvoir la coop\u00e9ration Sud-Sud pour le d\u00e9veloppement.\u00a0\u00bb Pour plus de d\u00e9tails, visitez\u00a0: <a href=\"http:\/\/www.g77.org\" target=\"_blank\" rel=\"noopener\">http:\/\/www.g77.org<\/a><\/p>\n<p>|<a href=\"http:\/\/www.cadtm.org\/spip.php?page=imprimer&amp;id_article=14308#nh6\" target=\"_blank\" rel=\"noopener\">6<\/a>| Cette d\u00e9claration a \u00e9t\u00e9 r\u00e9dig\u00e9e par le n\u00e9gociateur dans une pr\u00e9sentation textuelle de son exp\u00e9rience personnelle dans ces n\u00e9gociations en faveur des \u00e9tudiants d\u2019une universit\u00e9 am\u00e9ricaine en 2014.<\/p>\n<p>|<a href=\"http:\/\/www.cadtm.org\/spip.php?page=imprimer&amp;id_article=14308#nh7\" target=\"_blank\" rel=\"noopener\">7<\/a>| Bouhmouh, N &amp; Bailey, K.D. <em>A Moroccan village\u2019s long fight for water rights For four years, residents of Imider have held a sit-in against a mine they say is ruining their livelihoods<\/em>. [Online]. Available\u00a0: <a href=\"http:\/\/www.aljazeera.com\/news\/2015\/12\/moroccan-village-long-fight-water-rights-151205121358666.html\" target=\"_blank\" rel=\"noopener\">http:\/\/www.aljazeera.com\/news\/2015\/&#8230;<\/a> [28 May 2016<\/p>\n<p>|<a href=\"http:\/\/www.cadtm.org\/spip.php?page=imprimer&amp;id_article=14308#nh8\" target=\"_blank\" rel=\"noopener\">8<\/a>| Fanon, F. (2004) \u2018On violence\u2019. In\u00a0: <em>The wretched of the earth<\/em>. New York\u00a0: Grove Press. P. 47<\/p>\n<p>|<a href=\"http:\/\/www.cadtm.org\/spip.php?page=imprimer&amp;id_article=14308#nh9\" target=\"_blank\" rel=\"noopener\">9<\/a>| Davis, D.K. (2006). <em>Neoliberalism, environmentalism, and agricultural restructuring in Morocco<\/em>. The Geographical Journal, 172(2), p.93.<\/p>\n<p>|<a href=\"http:\/\/www.cadtm.org\/spip.php?page=imprimer&amp;id_article=14308#nh10\" target=\"_blank\" rel=\"noopener\">10<\/a>| <em>Ibid<\/em>, p.94.<\/p>\n<p>|<a href=\"http:\/\/www.cadtm.org\/spip.php?page=imprimer&amp;id_article=14308#nh11\" target=\"_blank\" rel=\"noopener\">11<\/a>| Hicham, H. <em>Recherche scientifique\u00a0: des cerveaux mais des moyens d\u00e9risoires<\/em>. Lavieco newspaper [online]. Available\u00a0: <a href=\"http:\/\/lavieeco.com\/news\/societe\/recherche-scientifique-des-cerveaux-mais-des-moyens-derisoires-18544.html\" target=\"_blank\" rel=\"noopener\">http:\/\/lavieeco.com\/news\/societe\/re&#8230;<\/a> [28 May 2016<\/p>\n<p>|<a href=\"http:\/\/www.cadtm.org\/spip.php?page=imprimer&amp;id_article=14308#nh12\" target=\"_blank\" rel=\"noopener\">12<\/a>| Une campagne organis\u00e9e chaque ann\u00e9e par la \u00ab\u00a0Fondation Mohammed VI pour la protection de l\u2019environnement\u00a0\u00bb pr\u00e9sid\u00e9e par la princesse royale. Voir\u00a0: <a href=\"http:\/\/www.fm6e.org\" target=\"_blank\" rel=\"noopener\">http:\/\/www.fm6e.org<\/a><\/p>\n<p>|<a href=\"http:\/\/www.cadtm.org\/spip.php?page=imprimer&amp;id_article=14308#nh13\" target=\"_blank\" rel=\"noopener\">13<\/a>| Conway, J. <em>Bel\u00e9m 2009\u00a0: Indigenizing the Global at the World Social Forum<\/em> [Online]. Available\u00a0: <a href=\"http:\/\/www.openspaceforum.net\/twiki\/tiki-read_article.php?articleId=776\" target=\"_blank\" rel=\"noopener\">http:\/\/www.openspaceforum.net\/twiki&#8230;<\/a> [28 May 2016<\/p>\n<p>|<a href=\"http:\/\/www.cadtm.org\/spip.php?page=imprimer&amp;id_article=14308#nh14\" target=\"_blank\" rel=\"noopener\">14<\/a>| Parenti, C. (2012) <em>Tropic of Chaos\u00a0: Climate Change and the New Geography of Violence<\/em>. New York\u00a0: Nation Books, p.7.<\/p>\n<p>&nbsp;<\/p>\n","protected":false},"excerpt":{"rendered":"<p>Sur la perspective des classes dirigeantes et de l\u2019\u00e9lite au Maroc concernant les enjeux environnementaux. \u00a0 Cet article a \u00e9t\u00e9 publi\u00e9 en version originale anglophone pour la premi\u00e8re fois le 12 octobre 2016. par Jawad Moustakbal 14 d\u00e9cembre 2016 \u00ab\u00a0La plus grande difficult\u00e9 rencontr\u00e9e est constitu\u00e9e par l\u2019esprit de n\u00e9o-colonis\u00e9 qu\u2019il y a dans ce [&hellip;]<\/p>\n","protected":false},"author":5,"featured_media":597,"comment_status":"closed","ping_status":"open","sticky":false,"template":"","format":"standard","meta":{"_monsterinsights_skip_tracking":false,"_monsterinsights_sitenote_active":false,"_monsterinsights_sitenote_note":"","_monsterinsights_sitenote_category":0,"footnotes":""},"categories":[7],"tags":[119,50,59,56],"class_list":["post-594","post","type-post","status-publish","format-standard","has-post-thumbnail","hentry","category-altermondialisme","tag-climat","tag-ecologie","tag-justice-climatique","tag-le-changement-climatique"],"_links":{"self":[{"href":"https:\/\/attacmaroc.org\/fr\/wp-json\/wp\/v2\/posts\/594","targetHints":{"allow":["GET"]}}],"collection":[{"href":"https:\/\/attacmaroc.org\/fr\/wp-json\/wp\/v2\/posts"}],"about":[{"href":"https:\/\/attacmaroc.org\/fr\/wp-json\/wp\/v2\/types\/post"}],"author":[{"embeddable":true,"href":"https:\/\/attacmaroc.org\/fr\/wp-json\/wp\/v2\/users\/5"}],"replies":[{"embeddable":true,"href":"https:\/\/attacmaroc.org\/fr\/wp-json\/wp\/v2\/comments?post=594"}],"version-history":[{"count":1,"href":"https:\/\/attacmaroc.org\/fr\/wp-json\/wp\/v2\/posts\/594\/revisions"}],"predecessor-version":[{"id":598,"href":"https:\/\/attacmaroc.org\/fr\/wp-json\/wp\/v2\/posts\/594\/revisions\/598"}],"wp:featuredmedia":[{"embeddable":true,"href":"https:\/\/attacmaroc.org\/fr\/wp-json\/wp\/v2\/media\/597"}],"wp:attachment":[{"href":"https:\/\/attacmaroc.org\/fr\/wp-json\/wp\/v2\/media?parent=594"}],"wp:term":[{"taxonomy":"category","embeddable":true,"href":"https:\/\/attacmaroc.org\/fr\/wp-json\/wp\/v2\/categories?post=594"},{"taxonomy":"post_tag","embeddable":true,"href":"https:\/\/attacmaroc.org\/fr\/wp-json\/wp\/v2\/tags?post=594"}],"curies":[{"name":"wp","href":"https:\/\/api.w.org\/{rel}","templated":true}]}}