{"id":573,"date":"2016-11-06T01:53:05","date_gmt":"2016-11-06T00:53:05","guid":{"rendered":"http:\/\/attacmaroc.org\/fr\/?p=573"},"modified":"2020-08-20T15:31:35","modified_gmt":"2020-08-20T14:31:35","slug":"mohcine-fikri-ne-en-1985-celibataire-vendeur-de-poisson-cest-le-makhzen-qui-la-tue","status":"publish","type":"post","link":"https:\/\/attacmaroc.org\/fr\/2016\/11\/06\/mohcine-fikri-ne-en-1985-celibataire-vendeur-de-poisson-cest-le-makhzen-qui-la-tue\/","title":{"rendered":"Mohcine Fikri, n\u00e9 en 1985, c\u00e9libataire, vendeur de poisson :  C\u2019est le makhzen qui l\u2019a tu\u00e9."},"content":{"rendered":"<p><strong>\u00a0<\/strong><\/p>\n<p style=\"text-align: center;\"><strong>Mohcine Fikri, n\u00e9 en 1985, c\u00e9libataire, vendeur de poisson\u00a0: <\/strong><\/p>\n<p style=\"text-align: center;\"><strong>C\u2019est le makhzen qui l\u2019a tu\u00e9.<\/strong><\/p>\n<p>Vendredi 28 octobre2016\u00a0 Al Hoceima\u00a0: Mohcine Fikri\u00a0 a \u00e9t\u00e9 arr\u00eat\u00e9\u00a0 par plusieurs agents de\u00a0 la police \u00e0 la sortie du port d\u2019Al Hoceima. Ces derniers, l\u2019ont arr\u00eat\u00e9 pour contr\u00f4le. Ils lui ont saisi \u00a0le poisson qu\u2019il allait vendre au march\u00e9 comme il le fait d\u2019habitude. Sans prendre la peine de le mener au commissariat ni de r\u00e9diger un\u00a0 PV de police, les agents de police ont arr\u00eat\u00e9 un camion poubelle \u00a0avec benne \u00e0 broyeur ordure et jet\u00e9 le poisson saisi.<\/p>\n<p>Mohcine\u00a0 d\u00e9sesp\u00e9r\u00e9, impuissant face \u00e0 tant d\u2019injustice, s\u2019est jet\u00e9 dans la benne \u00e0 ordure. Mohcine est mort broy\u00e9 dans une benne \u00e0 ordure, avec son poisson.<\/p>\n<p>La col\u00e8re contre l\u2019abus de pouvoir, l\u2019injustice, le non-droit, explose du port d\u2019Al Hoceima \u00e0 toutes les villes et r\u00e9gions du Maroc.<\/p>\n<p>Toute la nuit, les habitants d\u2019Al Hoceima,\u00a0 p\u00eacheurs, marins et ouvriers du port, chauffeurs de taxi et transporteurs, jeunes, amis et familles ont afflu\u00e9 vers le port. Sur les r\u00e9seaux sociaux l\u2019alerte est lanc\u00e9e, vid\u00e9os et t\u00e9moignages ont circul\u00e9 brisant le silence complice des m\u00e9dias et t\u00e9l\u00e9s officiels.<\/p>\n<p>Tard la nuit, le gouverneur d\u2019Al Hoceima, Mohamed Zhar, repr\u00e9sentant du makhzen sur terre a re\u00e7u ordre de se \u00a0d\u00e9placer sur place.\u00a0 Br\u00e8ve d\u00e9claration pour apaiser la col\u00e8re populaire. Devant un parterre de marins, p\u00eacheurs, jeunes, citoyens de la ville d\u2019Al Hoceima, il annonce le limogeage du directeur du port d\u2019Al Hoceima, l\u2019ouverture d\u2019une enqu\u00eate et la sanction des responsables. Au milieu d\u2019une la foule rassembl\u00e9e par la col\u00e8re, le porte parole des citoyens a rappel\u00e9 le d\u00e9but des\u00a0 manifestations du f\u00e9vrier 2011, les corps des enfants du Rif retrouv\u00e9s calcin\u00e9s dans une banque d\u2019Al Hoceima\u00a0 \u2026et la v\u00e9rit\u00e9 toujours\u00a0 cach\u00e9e \u00e0 ce jour. La population d\u2019Al Hoceima, elle n\u2019oublie\u00a0 pas\u00a0\u2026Elle demande des comptes pour ses enfants morts en f\u00e9vrier 2011, pour Mohcine\u00a0 aujourd\u2019hui et tous ceux d\u2019avant <a href=\"#_ftn1\" name=\"_ftnref1\">[1]<\/a>\u2026<\/p>\n<p>&nbsp;<\/p>\n<p><strong>Samedi 29 octobre la col\u00e8re contre tant d\u2019injustice\u00a0: <\/strong><\/p>\n<p>La solidarit\u00e9 contre l\u2019injustice s\u2019est exprim\u00e9e dans le port puis dans la ville d\u2019Al Hoceima\u00a0:<\/p>\n<ul>\n<li>D\u00e8s le matin, les grands taxis, les syndicats du transport ont manifest\u00e9 leur solidarit\u00e9<\/li>\n<li>Les \u00e9tudiants ch\u00f4meurs ont manifest\u00e9<\/li>\n<li>L\u2019AMDH appelle \u00e0 manifestation unitaire<\/li>\n<li>Les marins ont d\u00e9clar\u00e9 3 jours de gr\u00e8ve \u00e0 partir d\u2019aujourd\u2019hui<\/li>\n<\/ul>\n<p>&nbsp;<\/p>\n<p><strong>Dimanche 30\u00a0 octobre, l\u2019enterrement de Mohcine Fikri\u00a0:<\/strong><\/p>\n<p>D\u00e8s le matin , une marche des habitants de villes et villages\u00a0 se dirige vers\u00a0 le village d\u2019Imzouren o\u00f9 sera enterr\u00e9 Mohcine Fikri.<\/p>\n<p>Des\u00a0 milliers de citoyens convergent vers le cimenti\u00e8re. Une \u00e9norme foule , venant en voiture , taxi, camions, tracteurs et surtout \u00e0 pied. Des milliers arrivent \u00e0 pied criant \u00ab\u00a0le peuple exige justice pour\u00a0 Mohcine\u00a0\u00bb sur plusieurs km. Estimation\u00a0: 40 000 marcheurs.<\/p>\n<p>Le ministre de l\u2019Int\u00e9rieur s\u2019est d\u00e9plac\u00e9 pour visiter la famille. Il sera pr\u00e9sent\u00a0 au cimeti\u00e8re \u00e0 l\u2019enterrement de Mohcine Fikri. Directives royales pendant que le roi poursuit sa tourn\u00e9e- business africaine<\/p>\n<p>La presse locale et nationale et la TV, les m\u00e9dias officiels sont \u00a0sur place, informent que le roi a donn\u00e9, dict\u00e9, des directives pour la famille.<\/p>\n<p>Pendant que les manifestants continuent leur marche \u00a0et crient\u00a0: <em>\u00ab\u00a0Chahid mat maktoul, wa c\u2019est\u00a0 le makhzen\u00a0 qui l\u2019a tu\u00e9\u00a0\u00bb.<\/em><\/p>\n<p>&nbsp;<\/p>\n<p>14h30\u00a0: sortie de la mosqu\u00e9e\u00a0: les femmes lancent des you you\u00a0 sur le chemin du cimeti\u00e8re pour la mise en terre.<\/p>\n<p>Des manifs partout, surtout dans Al Hoceima et la r\u00e9gion. Une foule humaine sortie de tous les villages environnant rejoint le cimeti\u00e8re.<\/p>\n<p>Il vient d&rsquo;\u00eatre enterr\u00e9 sous les you you des femmes comme elles font pour accompagner les jeunes mari\u00e9s. Mais Hoceine Fikri n&rsquo;a pas pu se marier\u2026\u00a0 ch\u00f4mage, pauvret\u00e9, il est mort et le peuple des jeunes, la population\u00a0 l&rsquo;a accompagn\u00e9 avec les portraits d&rsquo;Abdelkrim Khatabi et son drapeau<a href=\"#_ftn2\" name=\"_ftnref2\">[2]<\/a>. Tout le long des 30 km kilom\u00e8tres parcourus \u00e0 pied, ils ont cri\u00e9\u00a0:<\/p>\n<p>\u00a0\u00bb Reposes en paix, tu as \u00e9t\u00e9 tu\u00e9, le makhzen est le seul responsable\u00a0\u00bb.<\/p>\n<p>&nbsp;<\/p>\n<p>Des manifestations se sont d\u00e9roul\u00e9es le m\u00eame jour dans plusieurs villes et r\u00e9gions du Maroc, du nord au sud, estim\u00e9es sur les r\u00e9seaux sociaux \u00e0 plus nombreuses que les manifs du 20 f\u00e9vrier 2011\u2026 mais bien faible dans une ville comme Casablanca.<\/p>\n<p>&nbsp;<\/p>\n<p><strong>Lundi 31 oct\u00a0:<\/strong><\/p>\n<p>Les manifestations se poursuivent \u00e0 Al Hoceima\u00a0: rassemblement sur la place et devant le commissariat, plus\u00a0 de 3000 personnes, familles, femmes, enfants\u00a0 crient d\u2019une seule voix\u00a0: \u00ab\u00a0Chaab yourid ma katala chahid\u00a0\u00bb\u00a0: le peuple veut r\u00e9clame qui a tu\u00e9 le martyr\u00a0\u00bb<\/p>\n<p>Une chanson est lanc\u00e9e sur les r\u00e9seaux sociaux\u00a0:\u00a0\u00ab\u00a0broie sa m\u00e8re\u00a0\u00bb fait le tour\u00a0\u00e0 grande vitesse et exprime la r\u00e9volte qui gronde : https:\/\/www.youtube.com\/watch?v=Ngz&#8211;F8tiq0<\/p>\n<p>&nbsp;<\/p>\n<p><strong>Mercredi 2 novembre\u00a0<\/strong>: Khadija Ziyani, d\u00e9put\u00e9e de l\u2019UC (Union Constitutionnelle, parti lib\u00e9ral makhzanien) \u00e9crit\u00a0sur son twit:<\/p>\n<p>\u00ab\u00a0Hassan 2 avait raison de parler d\u2019<em>awbach<a href=\"#_ftn3\" name=\"_ftnref3\"><strong>[3]<\/strong><\/a><\/em> pour les rifains\u00a0\u00bb\u00a0en plein c\u0153ur de manifestations dans le Rif. Provocations\u00a0?!<\/p>\n<p>Devant les\u00a0 r\u00e9actions spontan\u00e9es et la col\u00e8re populaire, l\u2019UC a d\u00e9cid\u00e9 de suspendre sa d\u00e9put\u00e9e.<\/p>\n<p>La col\u00e8re gronde dans les rues, elle exprime la r\u00e9volte de tou.es les Mohcine Fikri.<\/p>\n<p>&nbsp;<\/p>\n<p><strong>Jeudi 3 nov.\u00a0:<\/strong> le ministre Int\u00e9rieur Hassad annonce une conf\u00e9rence de presse avec les agents d\u2019autorit\u00e9 de tout le Maroc\u00a0: <em>\u00ab\u00a0nous leur communiquerons les directives du roi\u00a0\u00bb\u2026 <\/em>et menace\u00a0:<\/p>\n<p><em>\u00ab\u00a0 quant aux personnes qui appellent encore aux manifestations c\u2019est une cat\u00e9gorie identifi\u00e9e que tout le monde conna\u00eet. Ce sont tjrs les m\u00eames personnes.\u00a0\u00bb\u2026\u00a0\u00ab\u00a0les rassemblements publics se sont d\u00e9roul\u00e9s de mani\u00e8re pacifique, avec pour seul but de r\u00e9clamer la v\u00e9rit\u00e9. Le roi y a r\u00e9pondu favorablement\u2026\u00a0\u00bb <\/em><\/p>\n<p>&nbsp;<\/p>\n<p><strong>Et vendredi 4 nov.\u00a0<\/strong>: d\u00e8s 17h30, la population se rassemble \u00e0 Al Hoceima, la place se remplit de nouveau. Ils sont venus en famille de Bni Bouayach, Imzouren, Bni Boukidaren, Souani\u2026 \u00a0Prises de paroles. Beaucoup de femmes, elles sont plus de la moiti\u00e9 des manifestantes avec leurs enfants et des bougies. Une marche silencieuse, sur 3 km se dirige vers le commissariat et le tribunal.<\/p>\n<p><strong>\u00a0<\/strong><\/p>\n<p><strong>\u00ab\u00a0Bienvenue \u00e0 la COP 22, ici on broie les gens\u00a0\u00bb dit un slogan<\/strong><\/p>\n<p>Pendant ce temps c\u2019est la f\u00eate \u00e0 Marrakech pour l\u2019ouverture de la COP 22 \u00e0 Marrakech, avec une chanson sur la nature verte, l\u2019amour \u00a0et l\u2019eau claire \u2026<\/p>\n<p>Et une grande messe \u00e0 Casablanca \u00a0\u00e0 Casa City qui mobilise la Finance\u00a0 pour le capitalisme l\u2019investissement vert, Mezzouar, Ministre et Pr\u00e9sident de la COP ouvre le concert<\/p>\n<p>&nbsp;<\/p>\n<p><strong>Histoire d\u2019eau ou comment les paysans abandonnent leur terre, leurs enfants \u00e9migrent:<\/strong><\/p>\n<p>La famille de Mohcine poss\u00e8de des terres h\u00e9rit\u00e9es de leur famille, des paysans vivant dignement des produits de leur terre dans cette r\u00e9gion agricole Souani, Bni Bouayach, Imzouren, Bni Boukidaren, \u00e0 quelques km autour d\u2019Al Hoceima.<\/p>\n<p>Le barrage Abdelkrim Khatabi, \u00a0avait\u00a0 \u00e9t\u00e9 construit dans les ann\u00e9es 1970, il \u00e9tait destin\u00e9 \u00e0 la population essentiellement compos\u00e9e de petits-paysans pour cultiver leurs terres. L\u2019eau du barrage \u00e9tait alors redistribu\u00e9e par L\u2019ONEP \u00e0 un prix abordable et servait exclusivement aux paysans.<\/p>\n<p>A partir des ann\u00e9es 1980, la population urbaine a commenc\u00e9 \u00e0 grossir dans la ville d\u2019Al Hoceima et les villages autour et l\u2019ONEP a servi \u00e0 alimenter les besoins en eau des nouveaux citadins, des h\u00f4tels et du tourisme qui se d\u00e9veloppait.<\/p>\n<p>Les besoins en eau devenaient importants pour la consommation des nouveaux citadins et l\u2019eau du barrage ne suffisait plus pour ravitailler les villes qui s\u2019\u00e9tendaient. . En 1981, les responsables agricoles, agronomes, urbanistes\u2026 ont d\u00e9cid\u00e9 d\u2019alimenter la ville par l\u2019eau du barrage. L\u2019ONEP a d\u00fb faire des forages en profondeur pour fournir l\u2019eau aux nouveaux consommateurs et \u00e9. puiser sur la nappe phr\u00e9atique\u2026<\/p>\n<p><strong><em>Rappels historiques 1981\u00a0: les r\u00e9voltes populaires ont \u00e9clat\u00e9 dans tout le Maroc- comme dans tous les pays du sud- suite \u00e0 l\u2019augmentation du prix du pain suite aux premiers\u00a0 plans d\u2019ajustements structurels impos\u00e9s sous pression de la Banque Mondiale, FMI et ses acolytes <\/em><\/strong>\u00a0(comme dirait notre ami Victor N\u2019Zuzzi ).<\/p>\n<p>Les r\u00e9voltes avaient alors \u00e9clat\u00e9 dans tout le pays, en 1981, puis en 1984, elles ont \u00e9t\u00e9 r\u00e9prim\u00e9es, et plus fortement dans la r\u00e9gion du Rif. Les habitant.es du Rif n\u2019ont jamais oubli\u00e9 que Hassan 2\u00a0 avait trait\u00e9 les rifains\u00a0d\u2019\u00a0\u00ab\u00a0<em>awbach<\/em>\u00a0\u00bb autrement dit de sauvages. R\u00e9gion fi\u00e8re de son histoire, d\u2019Abdelkrim Khatabi et de la R\u00e9publique du Rif (1922- 1926)<a href=\"#_ftn4\" name=\"_ftnref4\">[4]<\/a><\/p>\n<p>Jusqu\u2019\u00e0 fin 1990, les paysans continuaient encore \u00e0 utiliser l\u2019eau du barrage pour leurs champs. Les petits paysans produisaient pour leur consommation, pour le march\u00e9 local et le\u00a0 tourisme pas encore de masse. L\u2019un des premiers Club M\u00e9diterran\u00e9e s\u2019\u00e9tait install\u00e9 dans la r\u00e9gion. Il avait profit\u00e9 de la mer et sa plage, de l\u2019agriculture paysanne sur les terres, et de la main d\u2019\u0153uvre jeune, bon march\u00e9 et disponible \u00e0 volont\u00e9\u2026<\/p>\n<p>Depuis, le Club Med a ferm\u00e9 ses portes. Transform\u00e9 en villas de luxe, pied dans l\u2019eau, et plage privatis\u00e9e. L\u2019urbanisation sauvage \u00a0accapare les terres agricoles et favorise les constructions individuelles et \u2026 gaspille l\u2019eau.<\/p>\n<p>La s\u00e9cheresse aidant, l\u2019eau du barrage sert \u00e0 la consommation des nouveaux usagers, r\u00e9sidants saisonniers et de moins en moins pour l\u2019agriculture\u00a0 paysanne.<\/p>\n<p>Avec l\u2019\u00e9puisement\u00a0 de l\u2019eau du barrage et l\u2019augmentation des tarifs par l\u2019ONEP, les paysans n\u2019ont plus d\u2019eau pour cultiver leurs champs&#8230; que les larmes\u00a0 pour pleurer et partir\u2026<\/p>\n<p>Aujourd\u2019hui, on voit dans la ville d\u2019Al Hoceima, des vieillards au visage rid\u00e9 et tann\u00e9,\u00a0 courb\u00e9s sur leur b\u00e2ton en bois de vieil olivier qui leur sert de cane, errer dans les rues\u00a0 envahies de produits venant\u00a0 d\u2019ailleurs aux prix inaccessibles pour le paysan sans terre, sans eau, les yeux ass\u00e9ch\u00e9s, condamn\u00e9 \u00e0 mendier pour manger.<\/p>\n<p><strong>Les paysans se retrouvent avec des terres et sans eau.<\/strong><br \/>\nMohsine Fikri\u00a0 en est une des victimes. Il pouvait travailler sa terre, mais sans eau rien ne pousse. Il a \u00e9t\u00e9 cherch\u00e9 du travail en ville, d\u2019autres ont quitt\u00e9 la r\u00e9gion, ou immigr\u00e9, rejoignant \u00a0la nombreuse diaspora rifaine, laissant derri\u00e8re eux les terres en abondance dess\u00e9ch\u00e9es. Ils ont quitt\u00e9 leurs terres pour chercher du travail en ville, \u00e0 Al Hoceima, c\u2019est le cas de Mohsine Fikri qui a travaill\u00e9 dans le port d\u2019Al Hoceima pour gagner sa pitance, se marier, fonder une famille un jour\u2026<\/p>\n<p>Les femmes lancent des you you \u00e0 la sortie du corps de la mosqu\u00e9e \u00e0 la mise en terre. Comme elles le font pour accompagner le jeune mari\u00e9 dans sa nouvelle demeure.<\/p>\n<p><strong>Les raisons de la col\u00e8re<\/strong><\/p>\n<p>Mohsine Fikri, jeune sans travail, ne s\u2019est pas mari\u00e9.<\/p>\n<p>Il symbolise \u00a0le drame quotidien et\u00a0 la mise \u00e0 mort de la jeunesse, g\u00e9n\u00e9ration \u00a0sacrifi\u00e9e du Maroc. Particuli\u00e8rement celle d&rsquo;une r\u00e9gion qui n&rsquo;oublie pas Abdelkrim Khatabi et la R\u00e9publique du Rif. Les portraits d&rsquo;Abdelkrim \u00e9taient brandis tout le long du chemin parcouru \u00a0par les milliers de citoyens \u00e0 pied sur plus de 20 km d&rsquo;Al Hoceima \u00e0 Imzouren en criant\u00a0:<\/p>\n<p>\u00a0\u00bb Fikri a \u00e9t\u00e9 tu\u00e9, le makhzen est l&rsquo;unique responsable\u00a0\u00bb.<\/p>\n<p><strong>En attendant\u2026<\/strong><\/p>\n<p>Pendant que le roi est en tourn\u00e9e en Afrique accompagn\u00e9 d\u2019une \u00e9norme d\u00e9l\u00e9gation d\u2019hommes d\u2019affaires,\u00a0 de tous les secteurs d\u2019\u00e9conomie\u00a0et industrie: agriculture, finances, banque, \u00e9nergies, phosphate, m\u00e9dicaments, pour conqu\u00e9rir des march\u00e9s priv\u00e9s\u00a0\u2026<\/p>\n<p><strong>La col\u00e8re gronde au Maroc, du nord au sud\u00a0:<\/strong><\/p>\n<p>Apr\u00e8s les \u00e9lections qui ont connu\u00a0 un taux d\u2019abstention\u00a0 et de non participation record, la victoire annonc\u00e9e ,\u00a0 sans surprise du PJD suivi du PAM les deux versions du lib\u00e9ralisme makhzanien conqu\u00e9rant l\u2019un islamiste, l\u2019autre lib\u00e9ral , la disparition de la gauche sinon son l\u2019\u00e9clatement en petits partis\u2026<\/p>\n<p><strong>Les nouvelles luttes qui s\u2019annoncent<\/strong> \u2026r\u00e9volutions<\/p>\n<p>-1 L\u2019enseignement public\u00a0:<\/p>\n<p>les instituteurs , les enseignants stagiaires , la fermeture et\u00a0 la d\u00e9molitions des \u00e9coles et lyc\u00e9es publics, des classes de plus de \u00a060 \u00e9l\u00e8ves, des manques de professeurs<\/p>\n<p>des manifestations de parents et d\u2019\u00e9l\u00e8ves contre le d\u00e9ment\u00e8lement du secteur de l\u2019enseignement public dans plusieurs villes du nord au sud, des villes et des campagnes<\/p>\n<p>-2 la sant\u00e9 publique\u00a0: gr\u00e8ves et col\u00e8res des infirmier.es et m\u00e9decins dans les h\u00f4pitaux publics pour r\u00e9clamer de meilleurs conditions de travail, des moyens et du personnel\u00a0: manque de m\u00e9decins et d\u2019infirmi\u00e8res d\u00e9bauch\u00e9s pour travailler dans les cliniques priv\u00e9es,<\/p>\n<p>&#8211; 3 les luttes pour le droit au logement, contre les d\u00e9molitions\u00a0: dans les villes et campagnes<\/p>\n<p>&#8211; contre les expulsions des habitants et les accaparements des terres\u00a0 des paysans\u00a0:<\/p>\n<p><strong>\u00a0<\/strong><\/p>\n<p><strong>De violentes \u00e9meutes des habitants de Sidi Bibi, pr\u00e8s d\u2019Agadir, au sud du Maroc<a href=\"#_ftn5\" name=\"_ftnref5\"><strong>[5]<\/strong><\/a>:<\/strong><\/p>\n<p>Apr\u00e8s les \u00e9lections l\u00e9gislatives du 7 octobre 2016 qui ont connu des achats de voix, fraudes, pressions et menaces pour inciter les citoyen.nes \u00e0 voter,<\/p>\n<p>le mercredi 12 octobre 2016, la col\u00e8re populaire a \u00e9clat\u00e9 \u00e0 Sidi Bibi contre l\u2019Etat makhzen et ses repr\u00e9sentants\u00a0: bilan de nombreux bless\u00e9s et 27 arrestations parmi lesquelles des mineurs. Les habitant.es de Sidi Bibi se sont soul\u00e8v\u00e9.es contre les d\u00e9molitions de leurs maisons alors que de \u00a0nombreuses familles se sont endett\u00e9es aupr\u00e8s d\u2019organismes de cr\u00e9dits pour construire des parcelles de 60 m2. Ils ont d\u00e9nonc\u00e9 la complicit\u00e9 des autorit\u00e9s locales corrompues et du lobby immobilier au dessus des lois, le refus de d\u00e9livrer les plans et autorisations de construire aux citoyens pauvres de Sidi Bibi.<\/p>\n<p><strong>Un comit\u00e9 de soutient pour d\u00e9fendre et faire entendre la voix des non-droits.<\/strong><\/p>\n<p>Un comit\u00e9 de solidarit\u00e9 s\u2019est constitu\u00e9 le 18 octobre pour soutenir les familles des d\u00e9tenus, trouver les avocats, organiser la d\u00e9fense , \u00e9largir la solidarit\u00e9 pour exiger la lib\u00e9ration des 14 d\u00e9tenus parmi lesquels des \u00e9l\u00e8ves. Le premier proc\u00e8s aura lieu le 11 novembre 2016 devant la Cour d\u2019Appel \u00e0 Agadir.<\/p>\n<p><strong>SIDI BIBI\u00a0: LES LUTTES A VENIR\u00a0<\/strong><\/p>\n<p>Sidi Bibi, au Sud d\u2019Agadir\u00a0 est situ\u00e9 dans la r\u00e9gion de Chtouka A\u00eft Baha, riche zone agricole o\u00f9 s\u2019est implant\u00e9 l\u2019agrobusiness destin\u00e9 \u00e0 l\u2019exportation.<\/p>\n<p>Avec la complicit\u00e9 des autorit\u00e9s locales corrompues, le lobby de l\u2019immobilier accapare les territoires pour des investissements priv\u00e9s, sachant que la r\u00e9gion est une zone agricole importante et rentable pour les exportateurs de l\u2019agrobusiness.<\/p>\n<p>Sidi Bibi: quand une riche r\u00e9gion agricole se\u00a0 transforme par l\u2019agrobusiness,<\/p>\n<p>Quand les petits paysans disparaissent et s\u2019installe le prol\u00e9tariat agricole<\/p>\n<p>Quand l\u2019agriculture paysanne destin\u00e9e \u00e0 la consommation locale devient agrobuziness pour exportation internationale<\/p>\n<p>Quand le paysan local, accul\u00e9 \u00e0 vendre ses terres faute d\u2019eau dispara\u00eet pour c\u00e9der la place au prol\u00e9tariat agricole venant des villes, exploit\u00e9, sans droit, sans toit<\/p>\n<p>Quand l\u2019agrobusiness pompe l\u2019eau, ass\u00e8che la nappe phr\u00e9atique, utilise les pesticides, pollue les terres, exploite la main d\u2019\u0153uvre sans droit, sans to\u00eet\u2026<\/p>\n<p>&nbsp;<\/p>\n<p><strong>Du nord au sud, \u00e9clate la r\u00e9volte citoyenne\u00a0:<\/strong><\/p>\n<p>Quand la ville et la campagne sont un m\u00eame territoire\u00a0: espace de non droit pour les pauvres, la majorit\u00e9, le nouveau prol\u00e9tariat\u00a0d\u00e9sh\u00e9rit\u00e9.<\/p>\n<p>D\u2019apr\u00e8s t\u00e9moignages et paroles de luttes<\/p>\n<p>Souad G\u00a0. membre Attac \/CADTM Maroc<\/p>\n<p>5 novembre 2016<\/p>\n<p><a href=\"#_ftnref1\" name=\"_ftn1\">[1]<\/a> https:\/\/www.youtube.com\/watch?v=eTgZW6rQWPw&amp;t=22s<\/p>\n<p><a href=\"#_ftnref2\" name=\"_ftn2\">[2]<\/a> https:\/\/www.youtube.com\/watch?v=ddcFstbaEyY&amp;t=79s<\/p>\n<p><a href=\"#_ftnref3\" name=\"_ftn3\">[3]<\/a> expression insultante signifiant sauvages, utilis\u00e9 dans un discours t\u00e9l\u00e9vis\u00e9 prononc\u00e9 en 1984 suite aux manifestations contre les augmentations des denr\u00e9es alimentaires<\/p>\n<p><a href=\"#_ftnref4\" name=\"_ftn4\">[4]<\/a> https:\/\/www.youtube.com\/watch?v=ddcFstbaEyY&amp;t=79s<\/p>\n<p><a href=\"#_ftnref5\" name=\"_ftn5\">[5]<\/a> https:\/\/www.youtube.com\/watch?v=3BuT75g0hsI&amp;t=10s<\/p>\n","protected":false},"excerpt":{"rendered":"<p>\u00a0 Mohcine Fikri, n\u00e9 en 1985, c\u00e9libataire, vendeur de poisson\u00a0: C\u2019est le makhzen qui l\u2019a tu\u00e9. Vendredi 28 octobre2016\u00a0 Al Hoceima\u00a0: Mohcine Fikri\u00a0 a \u00e9t\u00e9 arr\u00eat\u00e9\u00a0 par plusieurs agents de\u00a0 la police \u00e0 la sortie du port d\u2019Al Hoceima. Ces derniers, l\u2019ont arr\u00eat\u00e9 pour contr\u00f4le. Ils lui ont saisi \u00a0le poisson qu\u2019il allait vendre au [&hellip;]<\/p>\n","protected":false},"author":5,"featured_media":574,"comment_status":"closed","ping_status":"open","sticky":false,"template":"","format":"standard","meta":{"_monsterinsights_skip_tracking":false,"_monsterinsights_sitenote_active":false,"_monsterinsights_sitenote_note":"","_monsterinsights_sitenote_category":0,"footnotes":""},"categories":[15],"tags":[123,122],"class_list":["post-573","post","type-post","status-publish","format-standard","has-post-thumbnail","hentry","category-luttes","tag-alhoceima","tag-mohssine-fikri"],"_links":{"self":[{"href":"https:\/\/attacmaroc.org\/fr\/wp-json\/wp\/v2\/posts\/573","targetHints":{"allow":["GET"]}}],"collection":[{"href":"https:\/\/attacmaroc.org\/fr\/wp-json\/wp\/v2\/posts"}],"about":[{"href":"https:\/\/attacmaroc.org\/fr\/wp-json\/wp\/v2\/types\/post"}],"author":[{"embeddable":true,"href":"https:\/\/attacmaroc.org\/fr\/wp-json\/wp\/v2\/users\/5"}],"replies":[{"embeddable":true,"href":"https:\/\/attacmaroc.org\/fr\/wp-json\/wp\/v2\/comments?post=573"}],"version-history":[{"count":1,"href":"https:\/\/attacmaroc.org\/fr\/wp-json\/wp\/v2\/posts\/573\/revisions"}],"predecessor-version":[{"id":575,"href":"https:\/\/attacmaroc.org\/fr\/wp-json\/wp\/v2\/posts\/573\/revisions\/575"}],"wp:featuredmedia":[{"embeddable":true,"href":"https:\/\/attacmaroc.org\/fr\/wp-json\/wp\/v2\/media\/574"}],"wp:attachment":[{"href":"https:\/\/attacmaroc.org\/fr\/wp-json\/wp\/v2\/media?parent=573"}],"wp:term":[{"taxonomy":"category","embeddable":true,"href":"https:\/\/attacmaroc.org\/fr\/wp-json\/wp\/v2\/categories?post=573"},{"taxonomy":"post_tag","embeddable":true,"href":"https:\/\/attacmaroc.org\/fr\/wp-json\/wp\/v2\/tags?post=573"}],"curies":[{"name":"wp","href":"https:\/\/api.w.org\/{rel}","templated":true}]}}