{"id":501,"date":"2016-09-08T07:55:46","date_gmt":"2016-09-08T06:55:46","guid":{"rendered":"http:\/\/attacmaroc.org\/fr\/?p=501"},"modified":"2020-08-20T15:32:46","modified_gmt":"2020-08-20T14:32:46","slug":"attac-maroc-section-ksar-el-kebir-condamne-fermement-le-comportement-des-autorites-de-la-ville-concernant-le-renouvellement-du-recepisse-legal","status":"publish","type":"post","link":"https:\/\/attacmaroc.org\/fr\/2016\/09\/08\/attac-maroc-section-ksar-el-kebir-condamne-fermement-le-comportement-des-autorites-de-la-ville-concernant-le-renouvellement-du-recepisse-legal\/","title":{"rendered":"Attac Maroc section Ksar El Kebir condamne fermement le comportement des autorit\u00e9s de la ville concernant le renouvellement du r\u00e9c\u00e9piss\u00e9 l\u00e9gal"},"content":{"rendered":"<p>Attac Maroc \u00a0 \u00a0 \u00a0 \u00a0 \u00a0 \u00a0 \u00a0 \u00a0 \u00a0 \u00a0 \u00a0 \u00a0 \u00a0 \u00a0 \u00a0 \u00a0 \u00a0 \u00a0 \u00a0 \u00a0 \u00a0 \u00a0 \u00a0 \u00a0 \u00a0 \u00a0 \u00a0 \u00a0 \u00a0 \u00a0 \u00a0 \u00a0 \u00a0 \u00a0 \u00a0 \u00a0 \u00a0 \u00a0 \u00a0 \u00a0 \u00a0 \u00a0 \u00a0 \u00a0 \u00a0 \u00a0 \u00a0 \u00a0KSAR EL KEBIR le 5 septembre 2016<\/p>\n<p>Membre du r\u00e9seau international du Comit\u00e9<\/p>\n<p>pour l\u2019annulation de la dette du tiers monde<\/p>\n<p>Section locale de KSAR EL KEBIR<\/p>\n<p>&nbsp;<\/p>\n<p style=\"text-align: center;\"><strong>Communiqu\u00e9<\/strong><\/p>\n<p>Le groupe local d&rsquo;ATTAC Maroc \u00e0 Ksar El K\u00e9bir a tenu son assembl\u00e9e g\u00e9n\u00e9rale le 16 juillet 2016, \u00e0 la Maison de la culture de cette ville, et ce conform\u00e9ment aux dispositions des statuts de l&rsquo;association et \u00e0 la r\u00e9glementation relative aux associations au Maroc.<\/p>\n<p>Le bureau issu de cette AG a effectu\u00e9 toutes les proc\u00e9dures administratives en vigueur pour le renouvellement du r\u00e9c\u00e9piss\u00e9 de l&rsquo;association et le dossier a \u00e9t\u00e9 d\u00e9pos\u00e9 dans les d\u00e9lais exig\u00e9s par la loi. Or, les autorit\u00e9s locales ont refus\u00e9, jusqu&rsquo;\u00e0 aujourd&rsquo;hui, de nous d\u00e9livrer notre r\u00e9c\u00e9piss\u00e9. Les autorit\u00e9s ont fait preuve d&rsquo;un manque de r\u00e9activit\u00e9 et d&rsquo;une volont\u00e9 affich\u00e9e de ne retarder le traitement de notre dossier, sous pr\u00e9texte qu&rsquo;il y aurait des instructions venant \u00ab\u00a0d&rsquo;en haut\u00a0\u00bb, sans qu&rsquo;on sache \u00e0 quoi fait r\u00e9f\u00e9rence l&rsquo;autorit\u00e9 locale.<\/p>\n<p>Attac Ksar El Kebir est compos\u00e9 d&rsquo;un groupe de jeunes avec pour objectif\u00a0 construire un mouvement d&rsquo;\u00e9ducation populaire et de solidarit\u00e9 avec les luttes justes et les faire conna\u00eetre sur le plan local et national consid\u00e8re cette tentative de restreindre la libert\u00e9 d&rsquo;association \u00e0 notre \u00e9gard s&rsquo;inscrit dans un contexte du recul des libert\u00e9s publiques dans le pays. Des droits qui sont devenus entre les mains uniquement de franges d\u00e9cimant le discours lib\u00e9ral dominant\u00a0 dans la soci\u00e9t\u00e9. Un discours, rappelons le, justifie les atteintes aux acquis sociaux en tout genre. \u00c0 l&rsquo;oppos\u00e9, les organisations en lutte se trouvent face \u00e0 un r\u00e9pression en r\u00e9ponse \u00e0 sa d\u00e9fense de ceux qui sont en bas de l&rsquo;\u00e9chelle.<\/p>\n<p>Attac Maroc Ksar El Kebir condamne fermement le comportement des autorit\u00e9s de notre ville concernant le renouvellement du r\u00e9c\u00e9piss\u00e9. A cette occasion, nous d\u00e9clarons \u00e0 l\u2019opinion publique locale, nationale et internationale ce qui suit :<\/p>\n<p>&nbsp;<\/p>\n<ul>\n<li>Nous restons mobiliser pour obtenir notre droit d&rsquo;obtenir le r\u00e9c\u00e9piss\u00e9 l\u00e9gal, justifiant le d\u00e9p\u00f4t de notre dossier l\u00e9gal.<\/li>\n<li>La situation actuelle est la cons\u00e9quence du comportement des autorit\u00e9s locales de la province qui violent la loi pour restreindre la libert\u00e9 d&rsquo;association<\/li>\n<li>Nous continuons \u00e0 r\u00e9aliser nos programmes militants, de formation et de solidarit\u00e9\u00a0;<\/li>\n<li>Nous sommes dispos\u00e9s de suivre toutes les voies juridiques jusqu&rsquo;\u00e0 ce qu\u2019on puisse arracher notre droit<\/li>\n<li>Nous appelons toutes les organisations militantes locales et nationales, nos partenaires et nos amis \u00e0 travers le monde \u00e0 afficher leur soutien effectif aux plans visant \u00e0 faire taire les voix des d\u00e9fenseurs de la libert\u00e9, la d\u00e9mocratie et la justice sociale.<\/li>\n<\/ul>\n<p style=\"text-align: right;\">\u00a0\u00a0\u00a0\u00a0\u00a0\u00a0\u00a0\u00a0\u00a0\u00a0\u00a0\u00a0\u00a0\u00a0\u00a0\u00a0\u00a0\u00a0\u00a0\u00a0\u00a0\u00a0\u00a0\u00a0\u00a0\u00a0\u00a0\u00a0\u00a0\u00a0\u00a0\u00a0\u00a0\u00a0\u00a0\u00a0\u00a0\u00a0\u00a0\u00a0\u00a0\u00a0\u00a0\u00a0\u00a0\u00a0\u00a0\u00a0\u00a0\u00a0\u00a0\u00a0\u00a0\u00a0\u00a0\u00a0\u00a0\u00a0\u00a0\u00a0\u00a0\u00a0\u00a0\u00a0\u00a0\u00a0\u00a0\u00a0\u00a0\u00a0\u00a0\u00a0\u00a0\u00a0\u00a0\u00a0\u00a0\u00a0\u00a0\u00a0\u00a0 \u00a0\u00a0\u00a0\u00a0\u00a0\u00a0\u00a0Le bureau local<\/p>\n<p>&nbsp;<\/p>\n<p>&nbsp;<\/p>\n","protected":false},"excerpt":{"rendered":"<p>Attac Maroc \u00a0 \u00a0 \u00a0 \u00a0 \u00a0 \u00a0 \u00a0 \u00a0 \u00a0 \u00a0 \u00a0 \u00a0 \u00a0 \u00a0 \u00a0 \u00a0 \u00a0 \u00a0 \u00a0 \u00a0 \u00a0 \u00a0 \u00a0 \u00a0 \u00a0 \u00a0 \u00a0 \u00a0 \u00a0 \u00a0 \u00a0 \u00a0 \u00a0 \u00a0 \u00a0 \u00a0 \u00a0 \u00a0 \u00a0 \u00a0 \u00a0 \u00a0 \u00a0 \u00a0 \u00a0 \u00a0 \u00a0 \u00a0KSAR EL KEBIR le 5 septembre [&hellip;]<\/p>\n","protected":false},"author":5,"featured_media":502,"comment_status":"closed","ping_status":"open","sticky":false,"template":"","format":"standard","meta":{"_monsterinsights_skip_tracking":false,"_monsterinsights_sitenote_active":false,"_monsterinsights_sitenote_note":"","_monsterinsights_sitenote_category":0,"footnotes":""},"categories":[20],"tags":[104,105],"class_list":["post-501","post","type-post","status-publish","format-standard","has-post-thumbnail","hentry","category-communiques","tag-attac-maroc","tag-recepisse-legal"],"_links":{"self":[{"href":"https:\/\/attacmaroc.org\/fr\/wp-json\/wp\/v2\/posts\/501","targetHints":{"allow":["GET"]}}],"collection":[{"href":"https:\/\/attacmaroc.org\/fr\/wp-json\/wp\/v2\/posts"}],"about":[{"href":"https:\/\/attacmaroc.org\/fr\/wp-json\/wp\/v2\/types\/post"}],"author":[{"embeddable":true,"href":"https:\/\/attacmaroc.org\/fr\/wp-json\/wp\/v2\/users\/5"}],"replies":[{"embeddable":true,"href":"https:\/\/attacmaroc.org\/fr\/wp-json\/wp\/v2\/comments?post=501"}],"version-history":[{"count":1,"href":"https:\/\/attacmaroc.org\/fr\/wp-json\/wp\/v2\/posts\/501\/revisions"}],"predecessor-version":[{"id":503,"href":"https:\/\/attacmaroc.org\/fr\/wp-json\/wp\/v2\/posts\/501\/revisions\/503"}],"wp:featuredmedia":[{"embeddable":true,"href":"https:\/\/attacmaroc.org\/fr\/wp-json\/wp\/v2\/media\/502"}],"wp:attachment":[{"href":"https:\/\/attacmaroc.org\/fr\/wp-json\/wp\/v2\/media?parent=501"}],"wp:term":[{"taxonomy":"category","embeddable":true,"href":"https:\/\/attacmaroc.org\/fr\/wp-json\/wp\/v2\/categories?post=501"},{"taxonomy":"post_tag","embeddable":true,"href":"https:\/\/attacmaroc.org\/fr\/wp-json\/wp\/v2\/tags?post=501"}],"curies":[{"name":"wp","href":"https:\/\/api.w.org\/{rel}","templated":true}]}}