{"id":40,"date":"2014-12-16T02:58:30","date_gmt":"2014-12-16T01:58:30","guid":{"rendered":"http:\/\/attacmaroc.org\/fr\/?p=40"},"modified":"2020-08-20T15:34:10","modified_gmt":"2020-08-20T14:34:10","slug":"non-a-lexpulsion-imminente-des-habitant-e-s-de-douar-ouleddlim-rabat","status":"publish","type":"post","link":"https:\/\/attacmaroc.org\/fr\/2014\/12\/16\/non-a-lexpulsion-imminente-des-habitant-e-s-de-douar-ouleddlim-rabat\/","title":{"rendered":"Non \u00e0 l\u2019expulsion imminente des habitant-e-s de Douar OuledDlim- Rabat"},"content":{"rendered":"<p>En f\u00e9vrier 2014, les forces de l\u2019ordre ont proc\u00e9d\u00e9 \u00e0 la destruction forc\u00e9e\u00a0 de\u00a0logements au Douar OuledDlim situ\u00e9 \u00e0 GuichLoudaya \u00e0 Rabat (Maroc). Plus de 36 logements ont \u00e9t\u00e9 d\u00e9truits et \u00e0 ce jour les habitant-e-s vivent dans des campements de fortune, faits de b\u00e2ches en plastique maintenues par quelques morceaux de bois et de t\u00f4les. Les forces de l\u2019ordre ont entour\u00e9 leurs terres- aujourd\u2019hui vendues \u00e0 la Soci\u00e9t\u00e9 d\u2019Am\u00e9nagement Ryad-,\u00a0 par une palissadeen t\u00f4le. Enferm\u00e9-e-s dans une prison \u00e0 ciel ouvert, ces citoyen-ne-s sans terres sont surveill\u00e9-e-s par des chiens du service de s\u00e9curit\u00e9 pour les emp\u00eacher de reconstruire. Au mois de mars, les forces de l\u2019ordre sont intervenues au Douar Drabka, \u00e9galement situ\u00e9 \u00e0 GuichLoudaya, pour proc\u00e9der \u00e0 la destruction des p\u00e9pini\u00e8res et des \u00e9choppes dans lesquelles les habitant-e-s vendaient l\u00e9gumes et fruits issus de leurs cultures.<\/p>\n<p>&nbsp;<\/p>\n<p>&nbsp;<\/p>\n<p>&nbsp;<\/p>\n<p>&nbsp;<\/p>\n<p>&nbsp;<\/p>\n<p>Situ\u00e9esdans le quartier r\u00e9sidentiel de Hay Ryad, les terres de la tribu GuichLoudaya sont des terres collectives agricoles, sur lesquellesla tribu pratique depuis plusieurs g\u00e9n\u00e9rations l\u2019agriculture vivri\u00e8re. Ces terres leur avaient \u00e9t\u00e9 octroy\u00e9es par le Sultan Moulay Abderrahmane en 1838, en compensationdes services\u00a0 rendus \u2013 en tant que tribu guerri\u00e8re \u2013 au royaume ch\u00e9rifien.<\/p>\n<p>Du fait de l\u2019expansion de la ville de Rabat, ces terres constituent un enjeu foncier consid\u00e9rable convoit\u00e9 par les promoteurs immobiliers et par les politiques urbaines. C\u2019est le Minist\u00e8re de l\u2019int\u00e9rieur qui m\u00e8ne ces op\u00e9rations d\u2019expulsion, met les terres sous sa tutelle et les revend ensuite aux promoteurs, \u00a0en violation des dispositions du Dahir (d\u00e9cret royal) du 27 avril 1919 qui avait retir\u00e9 au Minist\u00e8re de l\u2019Int\u00e9rieur la tutelle de ces terres et avait accord\u00e9 la propri\u00e9t\u00e9 collective pleine et enti\u00e8re \u00e0 la tribu Guich.<\/p>\n<p>&nbsp;<\/p>\n<p><strong>Aujourd\u2019hui, les destructions continuent. <\/strong><strong>Les forces de l\u2019ordre viennent d\u2019annoncer qu\u2019elles allaient proc\u00e9der le jeudi 18 d\u00e9cembre 2014 \u00e0 la destruction des maisons restantes et des baraquements en plastique. <\/strong><strong>\u00a0<\/strong><\/p>\n<p>&nbsp;<\/p>\n<p>Sous couvert de lutte contre les bidonvilles et de modernisation, on assiste\u00e0 un \u00a0d\u00e9mant\u00e8lement brutal du dernier bastion existant d\u2019agriculture paysanne p\u00e9riurbaine \u00e0 Rabat, \u00e0 la destruction des derni\u00e8res formes d\u2019autonomie agricole et alimentaire, de gestion traditionnelleet collective du territoire au profit de la sp\u00e9culation immobili\u00e8re.<\/p>\n<p>&nbsp;<\/p>\n<p>C\u2019est pourquoi Attac CADTM Maroc, groupe de Rabat :<\/p>\n<ul>\n<li>R\u00e9clame l\u2019arr\u00eat imm\u00e9diat des expulsions.<\/li>\n<li>Soutiens les citoyens de GuichLoudaya dans leur droit l\u00e9gitime \u00e0 disposer de leurs terrains et \u00e0 pr\u00e9server leur activit\u00e9 agricole.<\/li>\n<li>Appelle toutes les organisations et toutes les personnes \u00e0 se mobiliser contre l\u2019accaparement des terres et \u00e0 exprimer leur solidarit\u00e9 avec les habitants de GuichLoudaya ainsi qu\u2019avec toutes les victimes d\u2019expulsion ill\u00e9gales et ill\u00e9gitimes.<\/li>\n<\/ul>\n<p>Rabat, le 16 d\u00e9cembre 2014<\/p>\n<p><strong>\u00a0<\/strong><\/p>\n<p><strong>\u00a0<\/strong><\/p>\n<p><strong>\u00a0<\/strong><\/p>\n<p><strong>Des liens pour en savoir plus sur l\u2019affaire GuichLoudaya<\/strong><\/p>\n<p><strong>\u00a0<\/strong><\/p>\n<p><strong>Page de solidarit\u00e9 Facebook\u00a0:<\/strong><\/p>\n<ul>\n<li><a href=\"https:\/\/www.facebook.com\/pages\/Stop-%C3%A0-la-destruction-de-Guich-Loudaya\/563368617103774?fref=ts\" target=\"_blank\" rel=\"noopener\"><strong>https:\/\/www.facebook.com\/pages\/Stop-\u00e0-la-destruction-de-Guich-Loudaya\/563368617103774?fref=ts<\/strong><\/a><strong>\u00a0<\/strong><\/li>\n<\/ul>\n<p><strong>\u00a0<\/strong><\/p>\n<p><strong>Liens vid\u00e9os youtube\u00a0:<\/strong><\/p>\n<ul>\n<li><a href=\"https:\/\/www.youtube.com\/watch?v=dcY09WzqCps&amp;feature=autoshare\" target=\"_blank\" rel=\"noopener\"><strong>https:\/\/www.youtube.com\/watch?v=dcY09WzqCps&amp;feature=autoshare<\/strong><\/a><strong>\u00a0<\/strong><\/li>\n<li><a href=\"https:\/\/www.youtube.com\/watch?v=dhP7r4lJrsU&amp;list=PL-Klc8WA39Zb9DoZOTqP-La8BZYkV7uyJ\" target=\"_blank\" rel=\"noopener\"><strong>https:\/\/www.youtube.com\/watch?v=dhP7r4lJrsU&amp;list=PL-Klc8WA39Zb9DoZOTqP-La8BZYkV7uyJ<\/strong><\/a><\/li>\n<li><a href=\"https:\/\/www.youtube.com\/watch?v=JQE5Wz-k2HE&amp;index=2&amp;list=PL-Klc8WA39Zb9DoZOTqP-La8BZYkV7uyJ\" target=\"_blank\" rel=\"noopener\"><strong>https:\/\/www.youtube.com\/watch?v=JQE5Wz-k2HE&amp;index=2&amp;list=PL-Klc8WA39Zb9DoZOTqP-La8BZYkV7uyJ<\/strong><\/a><\/li>\n<li><a href=\"https:\/\/www.youtube.com\/watch?v=03j9c_30rrs\" target=\"_blank\" rel=\"noopener\"><strong>https:\/\/www.youtube.com\/watch?v=03j9c_30rrs<\/strong><\/a><\/li>\n<li><a href=\"https:\/\/www.youtube.com\/watch?v=DSXHbhyVvaA\" target=\"_blank\" rel=\"noopener\"><strong>https:\/\/www.youtube.com\/watch?v=DSXHbhyVvaA<\/strong><\/a><\/li>\n<li><a href=\"https:\/\/www.youtube.com\/watch?v=AozDRyLFJxI\" target=\"_blank\" rel=\"noopener\"><strong>https:\/\/www.youtube.com\/watch?v=AozDRyLFJxI<\/strong><\/a><\/li>\n<\/ul>\n<p><strong>\u00a0<\/strong><\/p>\n<p><strong>\u00a0<\/strong><\/p>\n<p><strong>\u00a0<\/strong><\/p>\n<p><strong>Pour tout renseignement contacter\u00a0:<\/strong><\/p>\n<p><strong>Email\u00a0: <\/strong><a href=\"mailto:droitaulogementmaroc@gmail.com\"><strong>droitaulogementmaroc@gmail.com<\/strong><\/a><\/p>\n<p><strong>T\u00e9l\u00a0: 0661 377596<\/strong><\/p>\n<p>&nbsp;<\/p>\n","protected":false},"excerpt":{"rendered":"<p>En f\u00e9vrier 2014, les forces de l\u2019ordre ont proc\u00e9d\u00e9 \u00e0 la destruction forc\u00e9e\u00a0 de\u00a0logements au Douar OuledDlim situ\u00e9 \u00e0 GuichLoudaya \u00e0 Rabat (Maroc). Plus de 36 logements ont \u00e9t\u00e9 d\u00e9truits et \u00e0 ce jour les habitant-e-s vivent dans des campements de fortune, faits de b\u00e2ches en plastique maintenues par quelques morceaux de bois et de [&hellip;]<\/p>\n","protected":false},"author":1,"featured_media":41,"comment_status":"closed","ping_status":"open","sticky":false,"template":"","format":"standard","meta":{"_monsterinsights_skip_tracking":false,"_monsterinsights_sitenote_active":false,"_monsterinsights_sitenote_note":"","_monsterinsights_sitenote_category":0,"footnotes":""},"categories":[15],"tags":[16],"class_list":["post-40","post","type-post","status-publish","format-standard","has-post-thumbnail","hentry","category-luttes","tag-expulsion-imminente"],"_links":{"self":[{"href":"https:\/\/attacmaroc.org\/fr\/wp-json\/wp\/v2\/posts\/40","targetHints":{"allow":["GET"]}}],"collection":[{"href":"https:\/\/attacmaroc.org\/fr\/wp-json\/wp\/v2\/posts"}],"about":[{"href":"https:\/\/attacmaroc.org\/fr\/wp-json\/wp\/v2\/types\/post"}],"author":[{"embeddable":true,"href":"https:\/\/attacmaroc.org\/fr\/wp-json\/wp\/v2\/users\/1"}],"replies":[{"embeddable":true,"href":"https:\/\/attacmaroc.org\/fr\/wp-json\/wp\/v2\/comments?post=40"}],"version-history":[{"count":1,"href":"https:\/\/attacmaroc.org\/fr\/wp-json\/wp\/v2\/posts\/40\/revisions"}],"predecessor-version":[{"id":42,"href":"https:\/\/attacmaroc.org\/fr\/wp-json\/wp\/v2\/posts\/40\/revisions\/42"}],"wp:featuredmedia":[{"embeddable":true,"href":"https:\/\/attacmaroc.org\/fr\/wp-json\/wp\/v2\/media\/41"}],"wp:attachment":[{"href":"https:\/\/attacmaroc.org\/fr\/wp-json\/wp\/v2\/media?parent=40"}],"wp:term":[{"taxonomy":"category","embeddable":true,"href":"https:\/\/attacmaroc.org\/fr\/wp-json\/wp\/v2\/categories?post=40"},{"taxonomy":"post_tag","embeddable":true,"href":"https:\/\/attacmaroc.org\/fr\/wp-json\/wp\/v2\/tags?post=40"}],"curies":[{"name":"wp","href":"https:\/\/api.w.org\/{rel}","templated":true}]}}