{"id":379,"date":"2016-01-23T08:54:15","date_gmt":"2016-01-23T07:54:15","guid":{"rendered":"http:\/\/attacmaroc.org\/fr\/?p=379"},"modified":"2020-08-20T15:33:07","modified_gmt":"2020-08-20T14:33:07","slug":"casablanca-la-lutte-des-enseignants-stagiaires","status":"publish","type":"post","link":"https:\/\/attacmaroc.org\/fr\/2016\/01\/23\/casablanca-la-lutte-des-enseignants-stagiaires\/","title":{"rendered":"Casablanca : la lutte des enseignants stagiaires"},"content":{"rendered":"<p style=\"text-align: center;\"><strong>Casablanca\u00a0: la lutte des enseignants stagiaires\u00a0<\/strong><\/p>\n<p>Les enseignants stagiaires poursuivent leur mouvement au niveau national depuis maintenant 4 mois contre les r\u00e9formes du gouvernement, les menaces et la r\u00e9pression .<a href=\"#_ftn1\" name=\"_ftnref1\">[1]<\/a><\/p>\n<p><strong>\u00a0<\/strong><\/p>\n<p>La lutte des enseignants stagiaires se poursuit dans plusieurs villes et touche la plupart des r\u00e9gions du Maroc. Une nouvelle g\u00e9n\u00e9ration, en majorit\u00e9 des femmes, d\u00e9termin\u00e9e et combative, r\u00e9siste face \u00e0 un gouvernement sourd et la r\u00e9pression toujours pour seule r\u00e9ponse.<\/p>\n<p>A Casablanca le mercredi 13 janvier 2016, la coordination des enseignants stagiaires a organis\u00e9 et r\u00e9ussi \u00e0 tenir un sit in \u00a0devant les deux tours des Twin Center -symbole de la finance et vitrine de la mondialisation lib\u00e9rale \u2013 et bloqu\u00e9 la circulation dans ce point n\u00e9vralgique de la ville- pour affirmer leurs droits\u00a0: contre la s\u00e9lection \u00a0pour l&rsquo;enseignement publique, contre la r\u00e9pression aveugle qui frappe leur mouvement dans plusieurs villes du Maroc et les menaces du gouvernement.<\/p>\n<p>Le lendemain \u00a0jeudi 14 janvier la coordination avait appel\u00e9 \u00e0 un rassemblement au centre<\/p>\n<p>de Casablanca \u00e0 partir de 17h, Place Mar\u00e9chal.<\/p>\n<p>La place Mar\u00e9chal, face au Caf\u00e9 de France- qui a refait sa fa\u00e7ade sans changer de nom- a \u00e9t\u00e9 cern\u00e9e par un impressionnant d\u00e9ploiement des divers forces de r\u00e9pression, de ca\u00efd aux chioukhs, de flics civils de toutes sortes, de baltagis, de photographes v\u00e9reux, des barbouzes aux gros bras, des faux-mendiants, des vrais pr\u00eats \u00e0 tabasser&#8230;. Un impressionnant d\u00e9ploiement\u00a0 d&rsquo;estafettes, des vieilles et des nouvelles rutilantes, des flics \u00e0 moto, des t\u00e9l\u00e9phones nouvelles g\u00e9n\u00e9rations&#8230;<\/p>\n<p>L&rsquo;acc\u00e8s \u00e0 la place a \u00e9t\u00e9 cern\u00e9, les ruelles gard\u00e9es, des patrouilles et matraques menacent<\/p>\n<p>Vers 18h une centaine de militant.es \u00e9taient encercl\u00e9.es par plusieurs barrages. Impossible de rentrer dans le cercle: diff\u00e9rentes forces de r\u00e9pression en contr\u00f4le l\u2019acc\u00e8s. Un photographe pr\u00e9sent durant les manifs du M20F, me salue et surtout m\u2019indique d\u2019un regard complice \u00e0 un agent galonn\u00e9 qui me barre le passage.<\/p>\n<p>Je reste \u00e0 l\u2019ext\u00e9rieur du cercle de militants qui scandent slogans contre la r\u00e9pression\u00a0et<\/p>\n<p>qui sont encercl\u00e9s par plus du double en force de r\u00e9pression.<\/p>\n<p>De l\u2019ext\u00e9rieur du cercle nous sommes quelques uns \u00e0 observer ceux qui surveillent, contr\u00f4lent, provoquent. Ils nous poussent, repoussent, mais quelques curieux s\u2019approchent. Nous sommes photographi\u00e9s plus ou moins discr\u00e8tement par des civils.<\/p>\n<p>Ce jeu de nous pousser se poursuit, tant\u00f4t mena\u00e7ant, tant\u00f4t protecteur.<\/p>\n<p><strong>\u00a0<\/strong><\/p>\n<p><strong>La vieille m\u00e9dina, derri\u00e8re ses remparts\u00a0:<\/strong><\/p>\n<p>La vieille m\u00e9dina est en face, mais ses habitants ne nous rejoignent pas. Un bouclier s\u00e9curitaire emp\u00eache le rassemblement, \u00a0craignant par dessus tout la rencontre, entre manifestants et citoyens.<\/p>\n<p>La ville est cloisonn\u00e9e sur la Place Mar\u00e9chal. Le tramway de Casablanca sponsoris\u00e9<a href=\"#_ftn2\" name=\"_ftnref2\">[2]<\/a> et r\u00e9cup\u00e9r\u00e9 par la RATP<a href=\"#_ftn3\" name=\"_ftnref3\">[3]<\/a> et poursuit son trajet chaotique comme si de rien n\u2019\u00e9tait en attendant l\u2019annonce de l\u2019augmentation du ticket<a href=\"#_ftn4\" name=\"_ftnref4\">[4]<\/a> \u2026 La muraille de la vieille m\u00e9dina, vandalis\u00e9e, faite, mal faite puis refaite, \u00e0 coup de plusieurs budgets, d\u00e9tourn\u00e9s\u00a0\u2026 continue \u00e0 se d\u00e9labrer sans cesse.<\/p>\n<p>La population cloitr\u00e9e dans la vieille m\u00e9dina continue de vivre isol\u00e9e du centre ville dite moderne con\u00e7u par et pour les colons du temps de la colonisation fran\u00e7aise<a href=\"#_ftn5\" name=\"_ftnref5\">[5]<\/a>.<\/p>\n<p>La tour de l\u2019Horloge<a href=\"#_ftn6\" name=\"_ftnref6\">[6]<\/a> \u00a0destin\u00e9e \u00e0 indiquer l\u2019heure exacte de ses 4 c\u00f4t\u00e9s et ainsi\u00a0\u00ab\u00a0inculquer aux\u00a0indig\u00e8nes\u00a0\u00bb un autre espace-temps\u00a0: le temps de l\u2019exploitation capitaliste qui compte les sous, le temps de plus en plus rapide qui vaut de l\u2019argent, qui apporte le progr\u00e8s, la modernit\u00e9\u2026 aux indig\u00e8nes aujourd\u2019hui privatis\u00e9s.<\/p>\n<p>Aujourd\u2019hui, 60 ans apr\u00e8s l\u2019ind\u00e9pendance, l\u2019horloge est toujours l\u00e0 et sur chacune des 4 faces, une heure diff\u00e9rente: quelle heure, quel temps, celui de l\u2019exploitation, de la domination, du temps qui passe, du ch\u00f4mage et de l\u2019exclusion, de la pauvret\u00e9, de l\u2019exclusion et d\u00e9molition, des expropriations des populations , d\u2019un urbanisme sauvage qui d\u00e9mantibule les espaces et les r\u00e9sistances, les solidarit\u00e9s et les m\u00e9tiers qui disparaissent \u00e0 jamais qui ont fait cette ville autour de la mer et la campagne, les marins et les agriculteurs, les p\u00eacheurs et les paysans, ceux qui vivent de la mer et la terre, ceux qui nourrissaient la communaut\u00e9 villageoise et paysanne, et faire vivre Casa La Blanche.<\/p>\n<p><strong>\u00a0<\/strong><\/p>\n<p><strong>Aujourd\u2019hui Casa Moll mondialis\u00e9e\u00a0<\/strong>:<\/p>\n<p>Le port se transforme en Marina, la vieille gare en Gare avec toutes les franchises du monde pour boire manger, s\u2019habiller, consommer, m\u00eames si les distributeurs \u00e0 billets ne marchent pas, si le caf\u00e9 hors prix est imbuvable, que le th\u00e9 \u00e0 la menthe n\u2019existe pas dans ce commerce franchis\u00e9, ni un bout de pain quand on a faim. Il faut manger des marques am\u00e9ricaine, fran\u00e7aise, espagnole, italienne\u2026 m\u00eame si le porc se transforme en dinde pour se mettre au gout sur terre d\u2019islam et surtout ne pas perdre de client-es, la bi\u00e8re, faut pas abuser en attendant la la\u00efcit\u00e9 commerciale, l\u2019eau claire et pure introuvable, sauf en bouteilles plastifi\u00e9es au nom de m\u00e9ga trust qui a embouteill\u00e9 et marchandis\u00e9 notre eau commune\u2026 Et partout, du parking aux WC, des entr\u00e9es aux sorties, des vigiles, la S\u00e9curit\u00e9 Priv\u00e9e et Mondialis\u00e9e, de celle qui traite et sous-traite la torture des Palestiniens dans les prisons isra\u00e9liennes, \u00e0 celles qui convoient les fonds des Banques, surveillent les Holdings, les H\u00f4tels, les Administrations, les boutiques de Luxe, les supermarch\u00e9s, les villas haut perch\u00e9es sur la colline, \u2026 qui paradent \u00e0 c\u00f4t\u00e9 des autres forces s\u00e9curitaires et militaires que nous payons nous citoyens pour nous matraquer, perquisitionner, surveiller , menacer, et interdire de dire stop, \u00e7a suffit\u2026<\/p>\n<p><strong>Dans cette ville \u00ab\u00a0moderne\u00a0\u00bb d\u00e9mantibul\u00e9e<\/strong>, quel espace publique nous reste-il citoyen.nes\u00a0? O\u00f9\u00a0 nous rassembler, quel espace pour faire entendre nos voix, crier notre col\u00e8re, unir nos forces, lib\u00e9rer nos r\u00e9voltes\u00a0\u00e0 venir?<\/p>\n<p>La R\u00e9sistance, notre r\u00e9volte a-t-elle d\u00e9j\u00e0 \u00e9t\u00e9 marchandis\u00e9e, accapar\u00e9e, d\u00e9voy\u00e9e par la Soci\u00e9t\u00e9 Civile, Face book et R\u00e9seaux Sociaux qui ont largement inform\u00e9, partag\u00e9, twitt\u00e9 leur col\u00e8re contre le tabassage et la r\u00e9pression du mouvement dans diff\u00e9rentes villes, mais n\u2019a pu rassembler au-del\u00e0 des 100 manifestants non virtuels qui ont brav\u00e9 l\u2019impressionnant d\u00e9ploiement r\u00e9pressif et cri\u00e9 leur r\u00e9volte\u00a0? (Sans compter certains qui paradent pour leur parti politique devant la t\u00e9l\u00e9 pour donner bon cr\u00e9dit \u00e0 la \u00ab\u00a0d\u00e9mocratie marocaine\u00a0\u00bb )<\/p>\n<p>Sur la place Mar\u00e9chal \u00e0 Casablanca, la premi\u00e8re ville industrielle, \u00e9conomique, ouvri\u00e8re\u2026 \u00a0?<\/p>\n<p>Avec qui, comment et o\u00f9 unir nos forces, r\u00e9pandre notre col\u00e8re\u00a0? \u00e9tendre notre col\u00e8re r\u00e9elle, celle qui n\u2019est pas virtuelle\u00a0?<\/p>\n<p><strong>\u00a0<\/strong><\/p>\n<p><strong>\u00a0<\/strong><\/p>\n<p><strong>Pourquoi et comment \u00a0en somme-nous \u00a0arriv\u00e9 l\u00e0\u00a0? <\/strong><\/p>\n<p>Qu\u2019on se rappelle de m\u00e9moire vive le mars 1965 qui souleva la population\u00a0!<\/p>\n<p>Quand au lendemain de l\u2019Ind\u00e9pendance fraichement acquise, le gouvernement avait d\u00e9cid\u00e9 de toucher \u00e0 l\u2019Enseignement Publique&#8230; le 23 mars 1965, une manifestation d\u2019\u00e9tudiants partie de 13 lyc\u00e9es de Casablanca \u00a0contre les d\u00e9cisions prises par le Minist\u00e8re de l\u2019Education Nationale d\u2019instaurer la s\u00e9lection au brevet et l\u2019acc\u00e8s \u00e0 l\u2019enseignement secondaire faute de place dans les \u00e9coles.<\/p>\n<p>Quand 3000 \u00e9l\u00e8ves, gar\u00e7ons et filles sont arr\u00eat\u00e9s, le lendemain , les parents, ouvriers, ch\u00f4meurs, artisans, petits commer\u00e7ants descendent dans la rue et affrontent une r\u00e9pression f\u00e9roce\u00a0: la police tire sur les manifestants\u00a0: des centaines de morts , des arrestations en masse.<\/p>\n<p>La fureur populaire \u00e9clate, par milliers les manifestants prennent la rue, attaquent la prison.<\/p>\n<p>Le 26 mars, l\u2019UMT d\u00e9clenche la gr\u00e8ve g\u00e9n\u00e9rale \u00e0 Casablanca et de grandes manifestations s\u2019\u00e9tendent dans toutes les grandes villes et se poursuivent le 27 mars dans d\u2019autres villes &#8230;<\/p>\n<p>La violence de la r\u00e9pression aurait fait 2500 victimes et l\u2019opposition demande la chute du gouvernement. Hassan 2, apr\u00e8s avoir \u00e9chou\u00e9 \u00e0 constituer un gouvernement d\u2019\u00a0\u00ab\u00a0union nationale\u00a0\u00bb (UNFP et Parti d\u2019Istiqlal), proclame l\u2019\u00e9tat d\u2019exception, suspend la Constitution et dissout le parlement. Un coup d\u2019Etat du roi, Hassan 2 qui d\u00e9clara sur l\u2019unique chaine de t\u00e9l\u00e9vision nationale (et l\u2019unique marque de t\u00e9l\u00e9vision en noir &amp;blanc):<\/p>\n<p>\u00ab\u00a0Le pays, r\u00e9clame un pouvoir fort, un pouvoir juste, un pouvoir stable\u00a0\u00bb.<\/p>\n<p>Ce que l\u2019UNEM d\u2019alors avait qualifi\u00e9 d\u2019 \u00ab un r\u00e9gime de coups d\u2019Etat permanents\u00a0\u00bb et qui continue en permanence depuis l\u2019ind\u00e9pendance\u00a0: le pouvoir absolu de Palais pour assurer la d\u00e9fense du capital\u00a0: la propri\u00e9t\u00e9 priv\u00e9e, aujourd\u2019hui d\u00e9finitivement\u00a0 privatis\u00e9e, mondialis\u00e9e, financiaris\u00e9e avec le r\u00e8gne de m6. Et le peuple endett\u00e9, affam\u00e9, sans travail\u2026<\/p>\n<p><strong>\u00a0<\/strong><\/p>\n<p><strong>Nouvelles g\u00e9n\u00e9rations, nouvelles luttes\u00a0:<\/strong><\/p>\n<p>Aujourd\u2019hui, en 2016, dans les villes et les campagnes, la population qui subit de plein fouet\u00a0 les effets de la mondialisation, les cons\u00e9quences des privatisations des secteurs sociaux de base, les d\u00e9mant\u00e8lements des faibles acquis, le ch\u00f4mage massif, la liquidation de l\u2019enseignement public, des services de sant\u00e9 de base, des transports, logements, \u00e9quipements, agriculture, p\u00eache, tout sacrifi\u00e9 au nom d\u2019une \u00ab\u00a0modernisation\u00a0\u00bb g\u00e9n\u00e9rale impos\u00e9e par le capital mondialis\u00e9&#8230; avec en prime de nouvelles matraques et la haute technologie pour nous r\u00e9primer.<\/p>\n<p>Politique qui n\u2019a fait que plus de laiss\u00e9s pour compte, du ch\u00f4mage surtout parmi les jeunes g\u00e9n\u00e9rations, d\u00e9molition d\u2019\u00e9coles et lyc\u00e9es publics, l\u2019expansion dans tout le pays des effets de la mondialisation\u00a0: plus de pauvres, plus de malheurs pour rembourser\u00a0 les dettes\u00a0 dont nous ne sommes pas responsables.<\/p>\n<p>Aujourd\u2019hui la lutte des enseignants stagiaires est un \u00e9norme d\u00e9fi pour r\u00e9veiller les consciences hypnotis\u00e9es par les chim\u00e8res de modernisation qui s\u2019ach\u00e8tent toutes \u00e0 cr\u00e9dit et abandonnent nos \u00e9quipements publics sociaux de base et nos biens communs aux mains des capitalistes pr\u00e9dateurs.<\/p>\n<p>Aujourd\u2019hui la lutte des enseignants stagiaires est un \u00e9norme d\u00e9fi pour nous r\u00e9veiller du nord au sud. Reprendre en main nos droits, tous nos droits\u00a0: sociaux, \u00e9conomiques, politiques pour reconqu\u00e9rir notre souverainet\u00e9, notre ind\u00e9pendance.<\/p>\n<p>La lutte se poursuit et la solidarit\u00e9 la plus large est urgente avec la lutte\u00a0 que poursuivent\u00a0 les enseignants stagiaires aujourd\u2019hui.<\/p>\n<p>Souad G.<\/p>\n<p>18 janvier 2016<\/p>\n<p>&nbsp;<\/p>\n<p><a href=\"#_ftnref1\" name=\"_ftn1\">[1]<\/a> https:\/\/attacmaroc.org\/fr\/2016\/01\/09\/attac-cadtm-maroc-elargissons-la-solidarite-avec-la-lutte-des-enseignant-es-stagiaires-jusqua-la-victoire\/<\/p>\n<p><a href=\"#_ftnref2\" name=\"_ftn2\">[2]<\/a> http:\/\/www.bladi.net\/station-hopitaux-wafasalaf,44091.html<\/p>\n<p><a href=\"#_ftnref3\" name=\"_ftn3\">[3]<\/a> http:\/\/www.bladi.net\/ratp-tramway-casablanca,44024.html<\/p>\n<p><a href=\"#_ftnref4\" name=\"_ftn4\">[4]<\/a> http:\/\/www.bladi.net\/augmentation-prix-ticket-tramway,43987.html<\/p>\n<p><a href=\"#_ftnref5\" name=\"_ftn5\">[5]<\/a> En 1781, le roi Mohamed 3 autorise l\u2019exportation du bl\u00e9. Le port devient important centre de n\u00e9goce de laine, bl\u00e9 et th\u00e9. Fin du 19<sup>\u00e8me<\/sup> si\u00e8cle, le trafic commercial prend une dimension internationale.\u00a0 D\u00e8s 1906, des travaux commencent pour transformer la bourgade enferm\u00e9e dans ses murailles en port moderne.<\/p>\n<p><a href=\"#_ftnref6\" name=\"_ftn6\">[6]<\/a> La tour de l\u2019Horloge\u00a0: construite en 1910, sur d\u00e9cision du g\u00e9n\u00e9ral Dessigny\u00a0: \u00ab\u00a0un minaret la\u00efque\u00a0pour introduire l\u2019heure et l\u2019ordre coloniaux\u00a0\u00bb. Abattue en 1940 pour \u00e9largir la voie, la tour a \u00e9t\u00e9 reconstruite en 1992 \u00e0 l\u2019identique.<\/p>\n","protected":false},"excerpt":{"rendered":"<p>Casablanca\u00a0: la lutte des enseignants stagiaires\u00a0 Les enseignants stagiaires poursuivent leur mouvement au niveau national depuis maintenant 4 mois contre les r\u00e9formes du gouvernement, les menaces et la r\u00e9pression .[1] \u00a0 La lutte des enseignants stagiaires se poursuit dans plusieurs villes et touche la plupart des r\u00e9gions du Maroc. Une nouvelle g\u00e9n\u00e9ration, en majorit\u00e9 des [&hellip;]<\/p>\n","protected":false},"author":5,"featured_media":380,"comment_status":"closed","ping_status":"open","sticky":false,"template":"","format":"standard","meta":{"_monsterinsights_skip_tracking":false,"_monsterinsights_sitenote_active":false,"_monsterinsights_sitenote_note":"","_monsterinsights_sitenote_category":0,"footnotes":""},"categories":[15],"tags":[64],"class_list":["post-379","post","type-post","status-publish","format-standard","has-post-thumbnail","hentry","category-luttes","tag-enseignant-es-stagiaires"],"_links":{"self":[{"href":"https:\/\/attacmaroc.org\/fr\/wp-json\/wp\/v2\/posts\/379","targetHints":{"allow":["GET"]}}],"collection":[{"href":"https:\/\/attacmaroc.org\/fr\/wp-json\/wp\/v2\/posts"}],"about":[{"href":"https:\/\/attacmaroc.org\/fr\/wp-json\/wp\/v2\/types\/post"}],"author":[{"embeddable":true,"href":"https:\/\/attacmaroc.org\/fr\/wp-json\/wp\/v2\/users\/5"}],"replies":[{"embeddable":true,"href":"https:\/\/attacmaroc.org\/fr\/wp-json\/wp\/v2\/comments?post=379"}],"version-history":[{"count":1,"href":"https:\/\/attacmaroc.org\/fr\/wp-json\/wp\/v2\/posts\/379\/revisions"}],"predecessor-version":[{"id":381,"href":"https:\/\/attacmaroc.org\/fr\/wp-json\/wp\/v2\/posts\/379\/revisions\/381"}],"wp:featuredmedia":[{"embeddable":true,"href":"https:\/\/attacmaroc.org\/fr\/wp-json\/wp\/v2\/media\/380"}],"wp:attachment":[{"href":"https:\/\/attacmaroc.org\/fr\/wp-json\/wp\/v2\/media?parent=379"}],"wp:term":[{"taxonomy":"category","embeddable":true,"href":"https:\/\/attacmaroc.org\/fr\/wp-json\/wp\/v2\/categories?post=379"},{"taxonomy":"post_tag","embeddable":true,"href":"https:\/\/attacmaroc.org\/fr\/wp-json\/wp\/v2\/tags?post=379"}],"curies":[{"name":"wp","href":"https:\/\/api.w.org\/{rel}","templated":true}]}}