{"id":308,"date":"2015-10-29T10:51:01","date_gmt":"2015-10-29T09:51:01","guid":{"rendered":"http:\/\/attacmaroc.org\/fr\/?p=308"},"modified":"2020-08-20T15:33:24","modified_gmt":"2020-08-20T14:33:24","slug":"les-lumieres-de-tanger-la-revolte-des-citoyens-contre-amandis-suite2-3eme-manifestation-des-citoyens-de-tanger-amendis-degage","status":"publish","type":"post","link":"https:\/\/attacmaroc.org\/fr\/2015\/10\/29\/les-lumieres-de-tanger-la-revolte-des-citoyens-contre-amandis-suite2-3eme-manifestation-des-citoyens-de-tanger-amendis-degage\/","title":{"rendered":"Les lumi\u00e8res de Tanger : la r\u00e9volte des citoyens contre Amandis , suite2 3\u00e8me manifestation des citoyens de Tanger: Amendis d\u00e9gage !"},"content":{"rendered":"<p style=\"text-align: center;\"><strong>Les lumi\u00e8res de Tanger : la r\u00e9volte des citoyens contre Amandis , suite2<\/strong><br \/>\n<strong> 3\u00e8me manifestation des citoyens de Tanger: Amendis d\u00e9gage !<\/strong><br \/>\nCe samedi 31 octobre 2015, la 3\u00e8me manifestation des citoyens de Tanger a \u00e9t\u00e9 encore plus importante que les 2 pr\u00e9c\u00e9dentes. Malgr\u00e9 les promesses des autorit\u00e9s locales, des \u00e9lus, du maire de Tanger , des responsables d\u2019Amendis de trouver des solutions \u00e0 la crise , les manifestants ont r\u00e9pondu en plus grand nombre avec un seul slogan : \u00ab D\u00e9gage Amendis \u00bb !.<br \/>\nUne r\u00e9ponse claire des citoyens venus des diff\u00e9rents quartiers de Tanger manifester en plus grand nombre ce 3\u00e8me samedi de r\u00e9volte populaire contre Amendis.<\/p>\n<p>T\u00e9moignages de A. et M. sur les lieux:<br \/>\nPour ce 3\u00e8me samedi de r\u00e9volte populaire contre Amendis, nous \u00e9tions encore plus nombreux.<br \/>\nR\u00e9pondant \u00e0 l\u2019appel lanc\u00e9 \u00e0 travers les r\u00e9seaux sociaux d\u2019\u00e9teindre les lumi\u00e8res durant 3h , de 19H \u00e0 20h a \u00e9t\u00e9 de nouveau largement suivi.<br \/>\nDes milliers de femmes avec leurs enfants, des familles, beaucoup de jeunes venus des diff\u00e9rents quartiers populaires ont march\u00e9 sur le centre de Tanger, place des Nations.<br \/>\nLes Forces de r\u00e9pression \u00e9taient nombreux sur les lieux, mais n\u2019ont rien pu faire face \u00e0 la mar\u00e9e humaine qui affluait en criant \u00ab D\u00e9gage Amendis ! \u00bb<br \/>\nLes habitants des quartiers populaires notamment de Bir Chiffa, et Bni Makada, les plus d\u00e9termin\u00e9s ont \u00e9t\u00e9 nombreux. Des forces de la r\u00e9pression ont tent\u00e9 de les emp\u00eacher de rejoindre le centre, mais rien ne pouvait arr\u00eater cette mar\u00e9e humaine. La marche longue d\u2019 un kilom\u00e8tre environ a rejoint le centre de Tanger. Nous \u00e9tions encore plus nombreux que samedi dernier. Encore plus nombreux qu\u2019\u00e0 la premi\u00e8re manifestation du Mouvement du 20 f\u00e9vrier 2011 !<\/p>\n<p>Le mouvement s\u2019\u00e9tend \u00e0 d\u2019autres villes :<br \/>\nD\u2019autres villes ont rejoint le mouvement : T\u00e9touan, M\u2019Dik.<br \/>\nSamedi 31 octobre 2015-10-31<br \/>\nSouad G. Attac\/CADTM Maroc<br \/>\nA suivre\u2026<\/p>\n<p>Rappel : Le mouvement citoyen contre Amendis :<br \/>\nDepuis cet \u00e9t\u00e9 2015, les usagers ont constat\u00e9 l\u2019augmentation de leur facture d\u2019eau et d\u2019\u00e9lectricit\u00e9.<br \/>\nLeurs r\u00e9clamations aupr\u00e8s des agences de distribution sont rest\u00e9es sans r\u00e9ponse.<br \/>\nDepuis plusieurs semaines, les citoyens continuent \u00e0 manifester devant les divers agences de distribution d\u2019eau et d\u2019\u00e9lectricit\u00e9 de Tanger et poursuivent leur mouvement \u00ab Journ\u00e9e z\u00e9ro dirham pour Amendis \u00bb de boycott. Depuis samedi 17 octobre, les associations de quartiers et de consommateurs ont appel\u00e9 \u00e0 \u00e9teindre les lumi\u00e8res de 20h \u00e0 22 h. Le mouvement a \u00e9t\u00e9 largement suivi dans les commerces, caf\u00e9s et restaurants qui se sont \u00e9clair\u00e9s \u00e0 la bougie.<br \/>\nDans la nuit du samedi 24 octobre 2015, plusieurs manifestations sont parties des quartiers populaires pour converger vers le centre de Tanger au cri de : \u00ab Amandis D\u00e9gage ! \u00bb<br \/>\nLes forces de r\u00e9pression ont \u00e9t\u00e9 d\u00e9ploy\u00e9es d\u00e8s 20h pour disperser les manifestants qui se rassemblaient place des Nations, au centre de Tanger.<br \/>\nContre les matraques et lances \u2013eau et les arrestations, les manifestants ont r\u00e9pondu pacifiquement avec les slogans : \u00ab le peuple veut la chute d\u2019Amandis \u00bb, \u00ab Amandis, d\u00e9gage\u00bb, tandis que les manifestants continuaient d\u2019affluer par milliers des quartiers populaires p\u00e9riph\u00e9riques : Bni Makada, Drissia, Moghogha\u2026<br \/>\nFace \u00e0 la force du mouvement et \u00e0 la col\u00e8re des manifestants venus des quartiers populaires p\u00e9riph\u00e9riques pour rejoindre le centre de Tanger, les forces de r\u00e9pression ont d\u00fb se retirer pour \u00e9viter les affrontements et d\u00e9bordements.<br \/>\nA partir de 22h, plus de 20000 manifestants venus des quartiers populaires p\u00e9riph\u00e9riques se dirigeaient vers le centre de Tanger aux cris \u00ab d\u00e9gage Amendis \u00bb<br \/>\nT\u00e9moignage de M. consommateur-militant sur les lieux:<br \/>\n\u00ab Tou-es uni-es unie autour d\u2019une revendication sociale\u2026pour l\u2019instant. \u00bb<br \/>\n\u00ab Les factures d\u2019eau et d\u2019\u00e9lectricit\u00e9 de juillet \u00e0 de septembre ont fortement augment\u00e9<br \/>\nDepuis 3 semaines les habitants de Tanger manifestent devant les agences d\u2019Amendis des quartiers populaires.<br \/>\nLe mouvement s\u2019organise et les informations sont relay\u00e9es \u00e0 travers les r\u00e9seaux sociaux. Le samedi 17 octobre l\u2019appel \u00e0 \u00e9teindre les lumi\u00e8res durant 2h et \u00e0 manifester est massivement suivi. Face au succ\u00e8s, l\u2019appel est relanc\u00e9 pour la semaine suivante.<br \/>\nCe samedi 24 octobre de nouveau, les manifestants se rassemblent devant les agences de leur quartier pour rejoindre le centre. Les forces de r\u00e9pression sont d\u00e9ploy\u00e9es en grand nombre mais font face \u00e0 mouvement d\u2019ampleur qui ne cesse de grossir, se d\u00e9ploie vers le centre au cri de \u00ab dehors Amendis \u00bb. Cette revendication sociale a rassembl\u00e9 plus de 20000 citoyens, une marr\u00e9e humaine venant du centre et la p\u00e9riph\u00e9rie de Tanger. \u00bb<br \/>\nLes revendications des citoyens :<br \/>\nDepuis plusieurs mois les habitants de Tanger protestent contre l\u2019augmentation des factures d\u2019eau et d\u2019\u00e9lectricit\u00e9. Ils r\u00e9clament :<br \/>\n-modification du syst\u00e8me de tarification<br \/>\n&#8211; g\u00e9n\u00e9ralisation des compteurs individuels<br \/>\n&#8211; un service minimum d\u2019approvisionnement en cas de difficult\u00e9 de paiement<\/p>\n<p>Luttes de\/et pouvoir<br \/>\nSur font de crise politique, les derni\u00e8res \u00e9lections r\u00e9gionales et communales du 4 septembre 2015, ont permis de mettre en \u0153uvre le projet de r\u00e9gionalisation d\u00e9cid\u00e9 par le roi. Ces \u00e9lections bidon ont connu un faible taux de participation, avec corruption, achats des voix, mafia de l\u2019argent et des candidats v\u00e9reux, des partis politiques discr\u00e9dit\u00e9s, et absence de programme \u00e9lectoral\u2026<br \/>\nA Tanger, la bataille pour le pouvoir entre le PJD (les islamistes de Sa Majest\u00e9) et le PAM (le parti des amis de Sa Majest\u00e9) a \u00e9clat\u00e9 entre le maire de Tanger Bachir Abdallaoui du PJD et le pr\u00e9sident de la r\u00e9gion Elyas El Omari du PAM en conflit ouvert pour la gestion de la ville de Tanger.<br \/>\nD\u00e8s les r\u00e9sultats \u00e9lections de 2015, bras de fer entre le PAM et PJD :<br \/>\nA peine \u00e9lus, le maire de la ville et pr\u00e9sident de la r\u00e9gion sont en conflit sur les pr\u00e9rogatives dans la gestion de la ville de Tanger : un bras de fer pour la responsabilit\u00e9 de la gestion de l\u2019eau et l\u2019\u00e9lectricit\u00e9 de la ville. Des int\u00e9r\u00eats importants sont en jeu et des projets pharaoniques co\u00fbteux pour la nouvelle r\u00e9gion Tanger-T\u00e9touan-Al Hoceima d\u00e9cid\u00e9s par le roi.<br \/>\nA L\u2019origine de la crise :<br \/>\nFiliale de Veolia Environnement, Amendis est charg\u00e9e depuis 2002 de la gestion d\u00e9l\u00e9gu\u00e9e des services d\u2019assainissement liquide et de distribution d\u2019eau potable et \u00e9lectricit\u00e9 de la municipalit\u00e9 de Tanger. Sur son site, elle annonce un chiffre d\u2019affaire de 1 414 millions de dh en 2010.<br \/>\nLes manifestations populaires avaient \u00e9clat\u00e9es contre Amendis d\u00e8s 2006, contre l\u2019augmentation des prix des factures et mauvais services, puis avaient repris en 2011 d\u00e8s le d\u00e9but du M20F, quand les habitants de la ville de Tanger avaient cern\u00e9 une agence d&rsquo;Amendis situ\u00e9e dans un quartier populaire et menac\u00e9 de ne plus payer leur facture.<br \/>\nRappel sur les Mouvements contre les privatisations et la gestion d\u00e9l\u00e9gu\u00e9e :<br \/>\nAvec l\u2019\u00e8re des privatisations des secteurs publics, les service de l\u2019eau l\u2019\u00e9lectricit\u00e9, t\u00e9l\u00e9com, transports, ramassage ordures, les gestions d\u00e9l\u00e9gu\u00e9s des villes et communes sont partout un \u00e9chec et sources de scandales, corruption, mauvaises gestions, promesses non tenues, contrats non respect\u00e9s, et pour les travailleurs, licenciements et non respect des l\u00e9gislations du travail, r\u00e9pression syndicale.<br \/>\nD\u00e8s 2002, les habitants de Rabat Sal\u00e9 se soul\u00e8vent contre la R\u00e9dal pour l\u2019augmentation des prix de la facture d\u2019eau et d\u2019\u00e9lectricit\u00e9, les luttes se sont poursuivies \u00e0 Tata contre la Sant\u00e9 et se d\u00e9veloppent \u00e0 Ifni, puis dans plusieurs villes et r\u00e9gion. Malgr\u00e9 les luttes importantes, les privatisations sont impos\u00e9es, et le d\u00e9mentiellement de secteurs publics, pourtant rentables, se poursuit : RAM, ONCF, Poste, T\u00e9l\u00e9com, avec la casse sociale qui s\u2019en suit : licenciements massifs, pertes des acquis et droits sociaux, d\u00e9mentiellement des r\u00e9sistances et des luttes&#8230;<br \/>\nAvec le M20f en 2011, les manifestations, gr\u00e8ves, sit in dans les villes et les quartiers contre Lydec, Amendis, Areva,\u2026 sont quasi permanentes. Les luttes contre Lydec contre l\u2019augmentation des factures d\u2019eau \u00e9lectricit\u00e9, la mauvaise gestion, les luttes des travailleurs et les gr\u00e8ves pour d\u00e9noncer leurs conditions de travail contre les soci\u00e9t\u00e9s Amendis, Areva, les monticules d\u2019ordures qui envahissent les quartiers des villes trouvent un \u00e9chos parmi les usagers-consommateurs-habitants. Ces luttes convergent avec les r\u00e9voltes des habitants contre les d\u00e9molissions expropriation , les luttes des usagers contre les augmentations des factures, des consommateurs contre la vie ch\u00e8re et la flamb\u00e9e des prix, des citoyens contre les projets ruineux de TGV et l\u2019absence de transparence des march\u00e9s\u2026<\/p>\n<p>Plus de concentration de richesse, plus de pauvres, plus de dettes\u2026<br \/>\nLa concentration du pouvoir politique, \u00e9conomique, financier, qui de plus se veut pouvoir sacralis\u00e9, ne fait qu\u2019aggraver la crise et converger les luttes de divers secteurs et r\u00e9gions. Partout de grands projets urbains on\u00e9reux, souvent inutiles, profitent aux grands trusts internationaux et barons nationaux, endettent toujours plus le pays, exproprient les habitants de leurs quartiers vou\u00e9s \u00e0 la d\u00e9molition, les petits paysans ruin\u00e9s, chass\u00e9s de leurs terres, ferment les usines et licencient les ouvrier-es et toutes et tous vont fait l\u2019amer exp\u00e9rience de l\u2019endettement ou comment devenir encore plus pauvre en s\u2019endettant\u2026<br \/>\nQuand l\u2019\u00e9t\u00e9 libanais a remis le droit du citoyen au c\u0153ur du politique :<br \/>\nQuand \u00e0 Beyrouth, le 22 aout 2015, \u00e9clate \u00ab la r\u00e9volte des ordures \u00bb, la ville croule sous les montagnes de d\u00e9chets, le mouvement citoyen s\u2019organise et s\u2019interroge : \u00ab comment un gouvernement incapable d\u2019assainir le pays, peut-il le gouverner ?\u00bb<br \/>\nDe Tanger \u00e0 Beyrouth \u00e0 Ath\u00e8nes, c\u2019est bien la lutte et r\u00e9sistance des peuples contre un syst\u00e8me monde tentaculaire financier politique mafieux qui a d\u00e9clar\u00e9 la guerre aux peuples.<br \/>\nNos luttes sont les m\u00eames, unissons les du local au global.<\/p>\n<p style=\"text-align: right;\">Souad G. Attac\/CADTM Maroc<br \/>\n26 octobre 2015<\/p>\n","protected":false},"excerpt":{"rendered":"<p>Les lumi\u00e8res de Tanger : la r\u00e9volte des citoyens contre Amandis , suite2 3\u00e8me manifestation des citoyens de Tanger: Amendis d\u00e9gage ! Ce samedi 31 octobre 2015, la 3\u00e8me manifestation des citoyens de Tanger a \u00e9t\u00e9 encore plus importante que les 2 pr\u00e9c\u00e9dentes. Malgr\u00e9 les promesses des autorit\u00e9s locales, des \u00e9lus, du maire de Tanger [&hellip;]<\/p>\n","protected":false},"author":5,"featured_media":309,"comment_status":"closed","ping_status":"open","sticky":false,"template":"","format":"standard","meta":{"_monsterinsights_skip_tracking":false,"_monsterinsights_sitenote_active":false,"_monsterinsights_sitenote_note":"","_monsterinsights_sitenote_category":0,"footnotes":""},"categories":[15],"tags":[53,51,52],"class_list":["post-308","post","type-post","status-publish","format-standard","has-post-thumbnail","hentry","category-luttes","tag-amendis","tag-privatisation","tag-tanger"],"_links":{"self":[{"href":"https:\/\/attacmaroc.org\/fr\/wp-json\/wp\/v2\/posts\/308","targetHints":{"allow":["GET"]}}],"collection":[{"href":"https:\/\/attacmaroc.org\/fr\/wp-json\/wp\/v2\/posts"}],"about":[{"href":"https:\/\/attacmaroc.org\/fr\/wp-json\/wp\/v2\/types\/post"}],"author":[{"embeddable":true,"href":"https:\/\/attacmaroc.org\/fr\/wp-json\/wp\/v2\/users\/5"}],"replies":[{"embeddable":true,"href":"https:\/\/attacmaroc.org\/fr\/wp-json\/wp\/v2\/comments?post=308"}],"version-history":[{"count":1,"href":"https:\/\/attacmaroc.org\/fr\/wp-json\/wp\/v2\/posts\/308\/revisions"}],"predecessor-version":[{"id":310,"href":"https:\/\/attacmaroc.org\/fr\/wp-json\/wp\/v2\/posts\/308\/revisions\/310"}],"wp:featuredmedia":[{"embeddable":true,"href":"https:\/\/attacmaroc.org\/fr\/wp-json\/wp\/v2\/media\/309"}],"wp:attachment":[{"href":"https:\/\/attacmaroc.org\/fr\/wp-json\/wp\/v2\/media?parent=308"}],"wp:term":[{"taxonomy":"category","embeddable":true,"href":"https:\/\/attacmaroc.org\/fr\/wp-json\/wp\/v2\/categories?post=308"},{"taxonomy":"post_tag","embeddable":true,"href":"https:\/\/attacmaroc.org\/fr\/wp-json\/wp\/v2\/tags?post=308"}],"curies":[{"name":"wp","href":"https:\/\/api.w.org\/{rel}","templated":true}]}}