{"id":2428,"date":"2026-04-27T15:18:32","date_gmt":"2026-04-27T14:18:32","guid":{"rendered":"https:\/\/attacmaroc.org\/fr\/?p=2428"},"modified":"2026-04-27T15:18:32","modified_gmt":"2026-04-27T14:18:32","slug":"les-classes-populaires-ne-doivent-pas-payer-le-prix-des-politiques-liberales-renforcer-les-resistances-pour-defendre-la-souverainete-la-justice-et-la-liberte","status":"publish","type":"post","link":"https:\/\/attacmaroc.org\/fr\/2026\/04\/27\/les-classes-populaires-ne-doivent-pas-payer-le-prix-des-politiques-liberales-renforcer-les-resistances-pour-defendre-la-souverainete-la-justice-et-la-liberte\/","title":{"rendered":"Les classes populaires ne doivent pas payer le prix des politiques lib\u00e9rales : renforcer les r\u00e9sistances pour d\u00e9fendre la souverainet\u00e9, la justice et la libert\u00e9"},"content":{"rendered":"<p style=\"text-align: center;\"><strong>Communiqu\u00e9<\/strong><\/p>\n<p style=\"text-align: center;\"><strong>Les classes populaires ne doivent pas payer le prix des politiques lib\u00e9rales :<\/strong><strong> renforcer les r\u00e9sistances pour d\u00e9fendre la souverainet\u00e9, la justice et la libert\u00e9<\/strong><\/p>\n<p>&nbsp;<\/p>\n<p>Dans le contexte des crises successives du capitalisme \u00e0 l&rsquo;\u00e9chelle mondiale, notamment les guerres imp\u00e9rialistes men\u00e9es par la Russie et les \u00c9tats-Unis et les vagues d&rsquo;inflation massive qui les accompagnent, les conditions de vie au Maroc se d\u00e9t\u00e9riorent de mani\u00e8re alarmante, les prix continuant de grimper \u00e0 un rythme qui sape le pouvoir d\u2019achat de l\u2019ensemble de la population. En effet, les souffrances des classes populaires se sont aggrav\u00e9es avec la derni\u00e8re vague de hausse des prix li\u00e9e \u00e0 la guerre imp\u00e9rialo-sioniste contre l\u2019Iran et \u00e0 la forte augmentation des prix de l\u2019\u00e9nergie et des produits de premi\u00e8re n\u00e9cessit\u00e9 qui en a r\u00e9sult\u00e9. Cette flamb\u00e9e des prix n\u2019est pas li\u00e9e \u00e0 des facteurs conjoncturels externes comme le pr\u00e9tendent les discours officiels, mais r\u00e9sulte directement de choix politiques et \u00e9conomiques qui ont renforc\u00e9 la d\u00e9pendance vis-\u00e0-vis de l\u2019\u00e9tranger, aggrav\u00e9 la pr\u00e9carit\u00e9 et creus\u00e9 les in\u00e9galit\u00e9s sociales et territoriales.<\/p>\n<p>&nbsp;<\/p>\n<p>Sous la pression des institutions financi\u00e8res internationales, le Maroc a lib\u00e9ralis\u00e9 les prix, transformant ainsi des secteurs vitaux en terrains de jeu pour la cupidit\u00e9 des sp\u00e9culateurs, tandis que les citoyennes et citoyens se retrouvent confront\u00e9s \u00e0 des monopoles, sans v\u00e9ritable protection des consommateurs. Le secteur des hydrocarbures est un exemple flagrant de ces choix : la lib\u00e9ralisation des prix a conduit \u00e0 la soumission de ce secteur strat\u00e9gique \u00e0 de puissants lobbies qui monopolisent l&rsquo;importation, le stockage et la distribution, en accumulant des profits colossaux. Quant au co\u00fbt, ce sont les citoyens et citoyennes qui le paient de leur poche, directement \u00e0 la pompe, ou \u00e0 travers la hausse g\u00e9n\u00e9ralis\u00e9e des prix des biens et des services.<\/p>\n<p>Le Fonds Mon\u00e9taire International et la Banque Mondiale encouragent des politiques lib\u00e9rales visant \u00e0 renforcer l&rsquo;int\u00e9gration de l&rsquo;\u00e9conomie dans le march\u00e9 mondial et \u00e0 ouvrir de nouveaux horizons de profit au capital priv\u00e9, comme c&rsquo;est actuellement le cas pour les grands investissements dans les infrastructures et les projets li\u00e9s aux manifestations sportives internationales. C&rsquo;est ainsi que les expulsions forc\u00e9es, les expropriations et la d\u00e9molition des quartiers populaires se sont multipli\u00e9es, dans le cadre d&rsquo;une restructuration de l&rsquo;espace qui b\u00e9n\u00e9ficie au capital immobilier et touristique, en particulier dans les villes concern\u00e9es par les projets de la Coupe du monde. Les notions d\u2019\u00ab int\u00e9r\u00eat g\u00e9n\u00e9ral \u00bb et de \u00ab r\u00e9am\u00e9nagement urbain \u00bb servent de pr\u00e9texte \u00e0 des politiques d\u2019exclusion qui portent atteinte au droit au logement et \u00e0 la terre, et conduisent \u00e0 l\u2019expulsion de milliers de familles sans consentement ni indemnisation \u00e0 la hauteur de leurs pertes.<\/p>\n<p>Les attaques ne se limitent pas aux r\u00e9formes \u00e9conomiques et territoriales qui nuisent aux habitants. Elles s&rsquo;\u00e9tendent \u00e0 des domaines fondamentaux tels que l&rsquo;universit\u00e9 marocaine, l&rsquo;enseignement et la sant\u00e9 publics, le droit \u00e0 un emploi stable et d\u00e9cent, l&rsquo;expropriation sous le pr\u00e9texte de l&rsquo;int\u00e9r\u00eat g\u00e9n\u00e9ral&#8230; etc., entra\u00eenant une propagation du ch\u00f4mage et un accroissement de la pauvret\u00e9 qui portent pr\u00e9judice aux classes populaires. Dans ce contexte, la g\u00e9n\u00e9ration Z a \u00e9merg\u00e9 comme un acteur essentiel de la dynamique de lutte actuelle. Ainsi, malgr\u00e9 toutes les formes de r\u00e9pression, de pression et de marginalisation, la jeunesse marocaine, qui a su cr\u00e9er de nouvelles formes d\u2019expression et de protestation, devient un \u00e9l\u00e9ment central des r\u00e9sistances croissantes qui cherchent \u00e0 contrer l\u2019offensive lib\u00e9rale et le despotisme et \u00e0 d\u00e9fendre les revendications populaires.<\/p>\n<p>Pour mettre en \u0153uvre ses projets, l&rsquo;\u00c9tat s&#8217;emploie \u00e0 g\u00e9n\u00e9raliser la r\u00e9pression en restreignant les libert\u00e9s publiques et num\u00e9riques et en poursuivant les proc\u00e8s contre les militant\u00b7e\u00b7s et les manifestant\u00b7e\u00b7s pour les dissuader de lutter. Dans ce contexte, des centaines de militant\u00b7e\u00b7s des mouvements populaires ont \u00e9t\u00e9 arr\u00eat\u00e9\u00b7e\u00b7s, mais aussi des journalistes, des blogueur\u00b7euse\u00b7s et des \u00e9tudiant\u00b7e\u00b7s. Certain\u00b7e\u00b7s \u00e9tudiant\u00b7e\u00b7s ont \u00e9t\u00e9 expuls\u00e9\u00b7e\u00b7s de l&rsquo;universit\u00e9, comme cela s&rsquo;est produit r\u00e9cemment \u00e0 l&rsquo;universit\u00e9 Ibn Toufail de K\u00e9nitra. Des pressions ont par ailleurs \u00e9t\u00e9 exerc\u00e9es sur les militant\u00b7e\u00b7s de l\u2019Association nationale des dipl\u00f4m\u00e9s ch\u00f4meurs au Maroc, ainsi que sur les populations victimes de n\u00e9gligence ou d\u2019expropriation, comme les habitants de El Haouz ou de Kalaat Sraghna.<\/p>\n<p>Cette situation impose d&rsquo;unifier les luttes port\u00e9es par l\u2019ensemble de celles et ceux qui sont touch\u00e9s par le mod\u00e8le \u00e9conomique et social en place, de renforcer la solidarit\u00e9 entre les diff\u00e9rents groupes affect\u00e9s et de construire un large front social, afin de mettre en place des alternatives \u00e9conomiques, sociales et environnementales qui rompent avec la soumission aux institutions financi\u00e8res internationales et qui reposent sur la souverainet\u00e9 populaire, la souverainet\u00e9 alimentaire et \u00e9nerg\u00e9tique, la justice sociale, la justice fiscale et territoriale, ainsi que la protection des droits fondamentaux, tout en tenant compte des imp\u00e9ratifs d\u2019adaptation au changement climatique et du respect des \u00e9cosyst\u00e8mes et de leur capacit\u00e9 de r\u00e9g\u00e9n\u00e9ration.<\/p>\n<p>Compte tenu de tout ce qui pr\u00e9c\u00e8de, l\u2019association ATTAC CADTM Maroc affirme que les luttes sociales qui s\u2019intensifient dans les diff\u00e9rentes zones marginalis\u00e9es et rurales, ainsi que dans les universit\u00e9s et les quartiers populaires, sont l\u2019expression d\u2019un rejet croissant des politiques d\u2019exclusion, de marginalisation et de r\u00e9pression. Elle r\u00e9it\u00e8re sa solidarit\u00e9 avec tous\u00b7tes les prisonnier\u00b7\u00e8re\u00b7s politiques et d&rsquo;opinion, avec les victimes des d\u00e9molitions et des expulsions forc\u00e9es \u00e0 Casablanca et \u00e0 Rabat, avec les \u00e9tudiant\u00b7e\u00b7s expuls\u00e9\u00b7e\u00b7s de l&rsquo;universit\u00e9 de K\u00e9nitra, avec les\u00a0dipl\u00f4m\u00e9\u00b7e\u00b7s ch\u00f4meur\u00b7euse\u00b7s, et avec toutes les cat\u00e9gories touch\u00e9es par ces politiques.<\/p>\n<p>ATTAC CADTM Maroc r\u00e9clame :<\/p>\n<ul>\n<li>La suspension du remboursement de la dette publique et la mise en place d&rsquo;un audit complet de celle-ci afin d&rsquo;identifier ses composantes ill\u00e9gitimes et odieuses et de les r\u00e9pudier.<\/li>\n<li>Le refus de faire de la Coupe du monde 2030 un instrument d\u2019augmentation de la dette et de restructuration entra\u00eenant le d\u00e9placement des populations au profit du capital immobilier\u00a0; et la priorit\u00e9 aux investissements dans les besoins sociaux fondamentaux.<\/li>\n<li>La garantie de services publics gratuits et de qualit\u00e9 dans les domaines de la sant\u00e9, de l\u2019\u00e9ducation et de la protection sociale, et l\u2019arr\u00eat de toute forme de privatisation.<\/li>\n<li>Le renoncement imm\u00e9diat \u00e0 la lib\u00e9ralisation des prix des carburants, l\u2019instauration d\u2019un m\u00e9canisme public de plafonnement et de r\u00e9gulation des prix, et l\u2019ouverture d\u2019une enqu\u00eate sur les profits des lobbies en vue de leur mise sous contr\u00f4le.<\/li>\n<li>L\u2019imposition de taxes progressives r\u00e9elles sur les gros profits et les grandes fortunes, et la r\u00e9vision du syst\u00e8me fiscal afin de garantir l\u2019\u00e9quit\u00e9 fiscale au lieu de faire porter le fardeau aux salari\u00e9s et aux classes populaires.<\/li>\n<li>La fin de la mainmise des monopoles et de la sp\u00e9culation par le renforcement des organismes de contr\u00f4le, et la garantie de la transparence dans les cha\u00eenes de production, d\u2019importation et de distribution.<\/li>\n<li>L\u2019arr\u00eat des d\u00e9molitions, des expulsions forc\u00e9es et des expropriations, et la garantie du droit \u00e0 un logement d\u00e9cent dans la m\u00eame zone g\u00e9ographique, avec une indemnisation juste pour les personnes l\u00e9s\u00e9es.<\/li>\n<li>L&rsquo;instauration d&rsquo;une v\u00e9ritable justice territoriale par l&rsquo;investissement public dans le monde rural et les zones marginalis\u00e9es, et la garantie du droit \u00e0 l&rsquo;eau, \u00e0 la terre, aux richesses et aux services de base.<\/li>\n<li>La garantie du droit au travail pour toutes les ch\u00f4meuses et tous les ch\u00f4meurs dipl\u00f4m\u00e9s, la lev\u00e9e des restrictions impos\u00e9es \u00e0 l\u2019Association nationale des dipl\u00f4m\u00e9s ch\u00f4meurs du Maroc et son int\u00e9gration en tant que partie prenante dans les d\u00e9bats sur le ch\u00f4mage et l\u2019emploi. \u00c0 cette occasion, ATTAC CADTM Maroc f\u00e9licite l\u2019Association nationale pour le succ\u00e8s de son 17e congr\u00e8s, qui s\u2019est tenu \u00e0 Rabat les 11 et 12 avril 2026.<\/li>\n<\/ul>\n<p>L\u2019association exige \u00e9galement\u00a0:<\/p>\n<ul>\n<li>La protection des droits et libert\u00e9s fondamentaux, au premier rang desquels la libert\u00e9 d\u2019expression et d\u2019association, ainsi que la fin des poursuites politiques et de la d\u00e9tention des prisonnier\u00b7\u00e8re\u00b7s d\u2019opinion, qu\u2019ils s\u2019expriment dans l\u2019espace num\u00e9rique ou public, et l\u2019annulation de toutes les condamnations prononc\u00e9es \u00e0 l\u2019encontre de militant\u00b7e\u00b7s et de blogueur\u00b7euse\u00b7s en raison de leurs opinions.<\/li>\n<li>La lib\u00e9ration imm\u00e9diate et inconditionnelle de tous\u00b7tes les prisonnier\u00b7\u00e8re\u00b7s d\u2019opinion et politiques, ainsi que des personnes arr\u00eat\u00e9es dans le cadre des mouvements sociaux et des manifestations populaires, au premier rang desquels les prisonniers du Hirak du Rif. L\u2019association Attac CADTM Maroc annonce son engagement total dans la semaine organis\u00e9e pour obtenir leur lib\u00e9ration.<\/li>\n<li>La lib\u00e9ration imm\u00e9diate de tous\u00b7tes les jeunes d\u00e9tenu\u00b7e\u00b7s de la g\u00e9n\u00e9ration Z, l\u2019annulation de toutes les poursuites, l\u2019arr\u00eat des campagnes d\u2019arrestation incessantes men\u00e9es par l\u2019\u00c9tat \u00e0 leur encontre, et l\u2019ouverture d\u2019une enqu\u00eate ind\u00e9pendante sur les circonstances du d\u00e9c\u00e8s des martyrs de Laqliaa.<\/li>\n<li>L&rsquo;annulation des jugements injustes prononc\u00e9s \u00e0 l&rsquo;encontre des \u00e9tudiant\u00b7e\u00b7s d&rsquo;Ibn Toufail \u00e0 K\u00e9nitra et la garantie de leur droit \u00e0 poursuivre leurs \u00e9tudes universitaires.<\/li>\n<li>L\u2019arr\u00eat de la r\u00e9pression contre les blogueur\u00b7euse\u00b7s, les journalistes ind\u00e9pendant\u00b7e\u00b7s et les militant\u00b7e\u00b7s sur les r\u00e9seaux sociaux, et l\u2019annulation des poursuites fond\u00e9es sur des chefs d\u2019accusation vagues tels que \u00ab outrage aux valeurs sacr\u00e9es \u00bb, \u00ab diffusion de fausses informations \u00bb ou \u00ab outrage \u00e0 des fonctionnaires \u00bb.<\/li>\n<\/ul>\n<blockquote><p>Enfin, l\u2019association ATTAC CADTM Maroc r\u00e9it\u00e8re son rejet des politiques de normalisation avec l&rsquo;entit\u00e9 sioniste fasciste et raciste complice des agendas imp\u00e9rialistes, et d\u00e9fend la solidarit\u00e9 entre les peuples dans leur lutte pour leur libert\u00e9 et leur autod\u00e9termination, au premier rang desquels le peuple palestinien.<\/p><\/blockquote>\n<p style=\"text-align: right;\"><strong>Le Secr\u00e9tariat national<\/strong><\/p>\n<p style=\"text-align: right;\"><strong>Rabat, le 25 avril 2026<\/strong><\/p>\n<p>&nbsp;<\/p>\n","protected":false},"excerpt":{"rendered":"<p>Communiqu\u00e9 Les classes populaires ne doivent pas payer le prix des politiques lib\u00e9rales : renforcer les r\u00e9sistances pour d\u00e9fendre la souverainet\u00e9, la justice et la libert\u00e9 &nbsp; Dans le contexte des crises successives du capitalisme \u00e0 l&rsquo;\u00e9chelle mondiale, notamment les guerres imp\u00e9rialistes men\u00e9es par la Russie et les \u00c9tats-Unis et les vagues d&rsquo;inflation massive qui [&hellip;]<\/p>\n","protected":false},"author":9,"featured_media":2429,"comment_status":"closed","ping_status":"open","sticky":false,"template":"","format":"standard","meta":{"_monsterinsights_skip_tracking":false,"_monsterinsights_sitenote_active":false,"_monsterinsights_sitenote_note":"","_monsterinsights_sitenote_category":0,"footnotes":""},"categories":[20],"tags":[2694,422,490,2685],"class_list":["post-2428","post","type-post","status-publish","format-standard","has-post-thumbnail","hentry","category-communiques","tag-classes-populaires","tag-dette-publique-maroc","tag-repression","tag-resistance"],"_links":{"self":[{"href":"https:\/\/attacmaroc.org\/fr\/wp-json\/wp\/v2\/posts\/2428","targetHints":{"allow":["GET"]}}],"collection":[{"href":"https:\/\/attacmaroc.org\/fr\/wp-json\/wp\/v2\/posts"}],"about":[{"href":"https:\/\/attacmaroc.org\/fr\/wp-json\/wp\/v2\/types\/post"}],"author":[{"embeddable":true,"href":"https:\/\/attacmaroc.org\/fr\/wp-json\/wp\/v2\/users\/9"}],"replies":[{"embeddable":true,"href":"https:\/\/attacmaroc.org\/fr\/wp-json\/wp\/v2\/comments?post=2428"}],"version-history":[{"count":1,"href":"https:\/\/attacmaroc.org\/fr\/wp-json\/wp\/v2\/posts\/2428\/revisions"}],"predecessor-version":[{"id":2430,"href":"https:\/\/attacmaroc.org\/fr\/wp-json\/wp\/v2\/posts\/2428\/revisions\/2430"}],"wp:featuredmedia":[{"embeddable":true,"href":"https:\/\/attacmaroc.org\/fr\/wp-json\/wp\/v2\/media\/2429"}],"wp:attachment":[{"href":"https:\/\/attacmaroc.org\/fr\/wp-json\/wp\/v2\/media?parent=2428"}],"wp:term":[{"taxonomy":"category","embeddable":true,"href":"https:\/\/attacmaroc.org\/fr\/wp-json\/wp\/v2\/categories?post=2428"},{"taxonomy":"post_tag","embeddable":true,"href":"https:\/\/attacmaroc.org\/fr\/wp-json\/wp\/v2\/tags?post=2428"}],"curies":[{"name":"wp","href":"https:\/\/api.w.org\/{rel}","templated":true}]}}