{"id":1508,"date":"2024-02-20T20:27:25","date_gmt":"2024-02-20T19:27:25","guid":{"rendered":"https:\/\/attacmaroc.org\/fr\/?p=1508"},"modified":"2024-02-20T20:27:27","modified_gmt":"2024-02-20T19:27:27","slug":"eric-toussaint-du-comite-pour-labolition-des-dettes-illegitimes-lancer-un-grand-front-international-contre-lextreme-droite-echos-du-forum-social-mondial-au-nepal-15-1","status":"publish","type":"post","link":"https:\/\/attacmaroc.org\/fr\/2024\/02\/20\/eric-toussaint-du-comite-pour-labolition-des-dettes-illegitimes-lancer-un-grand-front-international-contre-lextreme-droite-echos-du-forum-social-mondial-au-nepal-15-1\/","title":{"rendered":"Eric Toussaint du Comit\u00e9 pour l\u2019abolition des dettes ill\u00e9gitimes \u00ab Lancer un grand front international contre l\u2019extr\u00eame droite \u00bb. Echos du Forum social mondial au N\u00e9pal, 15-19 f\u00e9vrier 2024"},"content":{"rendered":"\n<p>Au terme d\u2019une nouvelle \u00e9dition du Forum social mondial (FSM) qui s\u2019est d\u00e9roul\u00e9e \u00e0 Katmandou, au N\u00e9pal, du 15 au 19 f\u00e9vrier, l\u2019heure est au bilan. \u00ab&nbsp;Ce fut un \u00e9v\u00e9nement tr\u00e8s positif pour la r\u00e9gion. Mais il faut aller de l\u2019avant, promouvoir des initiatives concr\u00e8tes dans un contexte international complexe marqu\u00e9 par l\u2019offensive de l\u2019extr\u00eame droite&nbsp;\u00bb, estime l\u2019historien et \u00e9conomiste belge Eric Toussaint. Fondateur et porte-parole du Comit\u00e9 pour l\u2019abolition des dettes ill\u00e9gitimes (CADTM), Toussaint a particip\u00e9 au FSM, o\u00f9 son organisation a promu six activit\u00e9s qui ont \u00e9t\u00e9 largement suivies. Interview.<\/p>\n\n\n\n<p><strong>\u00c9ric Toussaint interview\u00e9 par Sergio Ferrari<\/strong><\/p>\n\n\n\n<p><strong>Q&nbsp;: Quel bilan tirez-vous de cette nouvelle \u00e9dition du Forum social mondial qui vient de s\u2019achever&nbsp;?<\/strong><\/p>\n\n\n\n<p><q>Positif, mais&#8230;<\/q><\/p>\n\n\n\n<p><strong>\u00c9ric Toussaint (\u00c9T)&nbsp;:<\/strong>&nbsp;Il a \u00e9t\u00e9 tr\u00e8s positif, principalement en raison de la participation de secteurs populaire tr\u00e8s divers et parmi les plus opprim\u00e9s. Je pense notamment aux Dalits, la caste des intouchables, aux peuples natifs et indig\u00e8nes, historiquement marginalis\u00e9s mais tr\u00e8s organis\u00e9s, aux forces syndicales, \u00e0 de nombreuses f\u00e9ministes issues des classes populaires. La majorit\u00e9 \u00e9tait originaire du N\u00e9pal et de l\u2019Inde. Les organisateurs ont compt\u00e9 plus de 18 000 inscriptions (ndr de plus de 90 pays) et lors de la manifestation d\u2019ouverture du jeudi 15, entre 12 et 15 000 participants se sont mobilis\u00e9s. Dans les conf\u00e9rences, les ateliers et les activit\u00e9s culturelles, chaque jour, il y avait pas moins de 10.000 personnes. C\u2019\u00e9tait une excellente d\u00e9cision de venir au N\u00e9pal.<br>Cependant, le FSM en tant que tel n\u2019a pas atteint la m\u00eame repr\u00e9sentation qu\u2019au cours de sa premi\u00e8re d\u00e9cennie d\u2019existence, depuis sa fondation \u00e0 Porto Alegre, au Br\u00e9sil, en 2001. Il y avait tr\u00e8s peu de participant-es venant d\u2019Europe, d\u2019Am\u00e9rique latine ou d\u2019Afrique. Bref, un bon niveau de participation r\u00e9gionale mais une faible pr\u00e9sence des autres continents. Cela montre les difficult\u00e9s du FSM \u00e0 prendre des initiatives globales ayant un impact r\u00e9el.<\/p>\n\n\n\n<p><q>Il manque une dynamique internationale mobilisatrice<\/q><\/p>\n\n\n\n<p><strong>Q&nbsp;: Pensez-vous que le dernier grand rassemblement pr\u00e9-pand\u00e9mique pour le FSM 2019 \u00e0 Salvador de Bahia, au Br\u00e9sil, a \u00e9t\u00e9 un succ\u00e8s&nbsp;?<\/strong><\/p>\n\n\n\n<p><strong>ET&nbsp;:<\/strong>&nbsp;Pas tout \u00e0 fait. Si nous pensons \u00e0 cette \u00e9dition \u00e0 Salvador de Bahia, bien qu\u2019elle ait \u00e9t\u00e9 bien suivie, elle \u00e9tait essentiellement r\u00e9duite \u00e0 la r\u00e9gion du Nord-Est avec des repr\u00e9sentations de quelques autres r\u00e9gions du Br\u00e9sil. Malheureusement, la pr\u00e9sence d\u2019autres continents \u00e9tait faible \u00e0 Salvador de Bahia.<br>Nous percevons aujourd\u2019hui une r\u00e9alit\u00e9 contradictoire. D\u2019une part, le Forum social mondial ne constitue plus une v\u00e9ritable force d\u2019attraction et de propulsion. D\u2019autre part, c\u2019est le seul espace mondial qui existe encore. C\u2019est pourquoi il est encore important pour des r\u00e9seaux internationaux comme le CADTM d\u2019y participer.<br>Je suis convaincu que si le FSM avait une force r\u00e9elle &#8211; telle que nous l\u2019avons obtenue en f\u00e9vrier 2003 lorsque nous avons appel\u00e9 \u00e0 de grandes mobilisations pour la paix et contre la guerre en Irak &#8211; son pouvoir serait aujourd\u2019hui significatif&nbsp;: \u00e0 la fois pour faire face au g\u00e9nocide en Palestine et pour aider \u00e0 construire un large frein \u00e0 la croissance de l\u2019extr\u00eame droite que l\u2019on peut observer dans de nombreuses r\u00e9gions du monde.<br>Quand je dis cela, je fais r\u00e9f\u00e9rence, entre autres, \u00e0 Narendra Modi en Inde, nationaliste, anti-slam et anti-musulman, violent&nbsp;; \u00e0 Ferdinand Marcos Junior aux Philippines, h\u00e9ritier non seulement de la dictature familiale mais aussi du r\u00e9pressif Rodrigo Duterte&nbsp;; \u00e0 la r\u00e9gression r\u00e9actionnaire du r\u00e9gime en Tunisie, de plus en plus similaire \u00e0 l\u2019ancienne dictature de Ben Ali, avant le printemps arabe. En Europe, il y a des gouvernements extr\u00e9mistes et bellicistes comme ceux de Vladimir Poutine en Russie, de Giorgia Meloni en Italie, de Viktor Orban en Hongrie et en Ukraine un gouvernement de droite n\u00e9olib\u00e9ral pro-<a href=\"https:\/\/www.cadtm.org\/OTAN-Organisation-du-traite-de-l\" target=\"_blank\" rel=\"noopener\"><em>OTAN<\/em><\/a>. Je pense aussi aux menaces r\u00e9elles de Chega, une nouvelle extr\u00eame droite au Portugal qui aspire \u00e0 r\u00e9colter 20&nbsp;% des suffrages alors qu\u2019elle \u00e9tait absente \u00e9lectoralement entre 1975 et il y a seulement trois ans&nbsp;; la possibilit\u00e9 d\u2019une victoire de Marine Le Pen en France aux prochaines pr\u00e9sidentielles&nbsp;; VOX en Espagne&nbsp;; la victoire \u00e9lectorale du parti d\u2019extr\u00eame droite aux Pays-Bas, l\u2019avanc\u00e9e de l\u2019AFD en Allemagne&#8230; Et sans pr\u00e9tendre les citer tous, en Am\u00e9rique latine, des pr\u00e9sidents comme Nayib Bukele au Salvador ou Javier Milei en Argentine, avec un programme \u00e9conomique et social plus radical que Pinochet lui-m\u00eame dans le Chili dictatorial. Tout cela dans le contexte mondial d\u2019une possible victoire \u00e9lectorale de Donald Trump aux prochaines \u00e9lections pr\u00e9sidentielles am\u00e9ricaines. Sans oublier le gouvernement fasciste de Benjamin Netanyahu en Isra\u00ebl, promouvant un projet raciste, g\u00e9nocidaire et colonialiste.<\/p>\n\n\n\n<blockquote class=\"wp-block-quote is-layout-flow wp-block-quote-is-layout-flow\"><p>A la recherche de meilleures propositions<\/p><\/blockquote>\n\n\n\n<p><strong>Q&nbsp;: Si le Forum social mondial n\u2019a pas la force d\u2019\u00eatre une force de propulsion et d\u2019union dans une r\u00e9alit\u00e9 mondiale que vous d\u00e9crivez comme dramatique, la question est \u00e9vidente&nbsp;: que devraient faire, selon vous, les secteurs progressistes&nbsp;?<\/strong><\/p>\n\n\n\n<p><strong>ET&nbsp;:<\/strong>&nbsp;Je pense que la formule d\u2019un FSM avec seulement des mouvements sociaux et des ONG mais sans partis politiques progressistes (comme d\u00e9fini dans la Charte des principes de 2021) ne permet pas une lutte ad\u00e9quate contre l\u2019extr\u00eame droite. Face \u00e0 la mont\u00e9e de l\u2019extr\u00eame droite et des projets fascistes, il faut chercher un autre type de convergence internationale. Dans ce sens, le CADTM, avec d\u2019autres acteurs sociaux, a contact\u00e9 le PSOL (Parti Socialisme et Libert\u00e9) et le PT (Parti des Travailleurs) de Porto Alegre, berceau du Forum Social Mondial depuis 2001, pour proposer la cr\u00e9ation d\u2019un Comit\u00e9 d\u2019organisation qui convoquerait une r\u00e9union internationale en mai pour discuter de la marche \u00e0 suivre, en vue d\u2019une grande r\u00e9union dans un an. Avec une vision large pour int\u00e9grer les mouvements sociaux de toutes sortes, les f\u00e9ministes, les activistes pour la justice climatique, les croyants progressistes, dans la perspective de r\u00e9fl\u00e9chir \u00e0 la meilleure fa\u00e7on de r\u00e9sister \u00e0 l\u2019extr\u00eame droite. Des acteurs importants tels que le mouvement br\u00e9silien des travailleurs sans terre (MST) pourraient y participer activement. S\u2019ils ont r\u00e9ussi au Br\u00e9sil \u00e0 se lib\u00e9rer de Jair Bolsonaro avec une large politique d\u2019alliances politiques et sociales, il est essentiel d\u2019en tirer des le\u00e7ons politiques concr\u00e8tes. Le Forum social mondial pourrait continuer, mais nous sommes convaincus qu\u2019un nouveau cadre de forces capables de se remobiliser est n\u00e9cessaire.<\/p>\n\n\n\n<p><strong>Q&nbsp;: Il y a des initiatives comme l\u2019Alliance internationale des peuples qui r\u00e9fl\u00e9chissent d\u00e9j\u00e0 dans ce sens&#8230;<\/strong><\/p>\n\n\n\n<p><strong>ET&nbsp;:<\/strong>&nbsp;Bien s\u00fbr, elle devrait \u00eatre impliqu\u00e9e et jouerait un r\u00f4le. Mais nous avons besoin d\u2019une nouvelle initiative de front uni plus large. Nous pensons que cette premi\u00e8re r\u00e9union pourrait \u00eatre convoqu\u00e9e en mai 2024 \u00e0 Porto Alegre, au Br\u00e9sil, et il serait concevable, par exemple, d\u2019avoir une forte pr\u00e9sence de l\u2019Argentine, des forces de la gauche radicale avec la gauche du p\u00e9ronisme, des organisations syndicales telles que la Central de Trabajadores de Argentina et m\u00eame la CGT (Confederaci\u00f3n General de Trabajadores) et les mouvements sociaux et f\u00e9ministes tr\u00e8s diversifi\u00e9s. Ce serait un premier pas vers une grande conf\u00e9rence en 2025 par exemple \u00e0 Sao Paulo si l\u2019alliance de gauche (PT, PSOL, etc.) remporte les \u00e9lections municipales en 2024.<br>La construction de cette nouvelle initiative internationale serait large et diverse, incorporant divers courants r\u00e9volutionnaires, de la 4<sup>e<\/sup>&nbsp;Internationale \u00e0 la social-d\u00e9mocratie en passant par l\u2019Internationale progressiste, \u00e0 travers toute la gamme des sensibilit\u00e9s de gauche. Ainsi que des organisations et personnalit\u00e9s progressistes aux \u00c9tats-Unis (par exemple Bernie Sanders, Alexandria Ocasio-Cortez, le syndicat automobile UAW qui a remport\u00e9 une victoire importante en 2023). Et des partis et mouvements de gauche d\u2019Europe, d\u2019Afrique, d\u2019Asie et de la r\u00e9gion arabe. Il s\u2019agirait aussi d\u2019\u00e9largir la participation \u00e0 des personnalit\u00e9s engag\u00e9es du monde culturel qui apportent leur propre contribution. Il est n\u00e9cessaire de convaincre le plus grand nombre de forces possible, y compris celles qui doivent surmonter les diff\u00e9rences et les divisions historiques, et qui comprennent et acceptent le grand d\u00e9fi prioritaire du moment, \u00e0 savoir la lutte contre l\u2019extr\u00eame droite. Nous savons qu\u2019un tel appel ne sera ni simple ni facile \u00e0 concr\u00e9tiser&nbsp;: il exige une grande g\u00e9n\u00e9rosit\u00e9 et une forte volont\u00e9 politique. La complexit\u00e9 du moment historique et les dangers qui p\u00e8sent sur l\u2019humanit\u00e9 et la plan\u00e8te nous imposent d\u2019essayer d\u2019y arriver.<\/p>\n","protected":false},"excerpt":{"rendered":"<p>Au terme d\u2019une nouvelle \u00e9dition du Forum social mondial (FSM) qui s\u2019est d\u00e9roul\u00e9e \u00e0 Katmandou, au N\u00e9pal, du 15 au 19 f\u00e9vrier, l\u2019heure est au bilan. \u00ab&nbsp;Ce fut un \u00e9v\u00e9nement tr\u00e8s positif pour la r\u00e9gion. Mais il faut aller de l\u2019avant, promouvoir des initiatives concr\u00e8tes dans un contexte international complexe marqu\u00e9 par l\u2019offensive de l\u2019extr\u00eame [&hellip;]<\/p>\n","protected":false},"author":5,"featured_media":1509,"comment_status":"closed","ping_status":"open","sticky":false,"template":"","format":"standard","meta":{"_monsterinsights_skip_tracking":false,"_monsterinsights_sitenote_active":false,"_monsterinsights_sitenote_note":"","_monsterinsights_sitenote_category":0,"footnotes":""},"categories":[37],"tags":[],"class_list":["post-1508","post","type-post","status-publish","format-standard","has-post-thumbnail","hentry","category-medias"],"_links":{"self":[{"href":"https:\/\/attacmaroc.org\/fr\/wp-json\/wp\/v2\/posts\/1508","targetHints":{"allow":["GET"]}}],"collection":[{"href":"https:\/\/attacmaroc.org\/fr\/wp-json\/wp\/v2\/posts"}],"about":[{"href":"https:\/\/attacmaroc.org\/fr\/wp-json\/wp\/v2\/types\/post"}],"author":[{"embeddable":true,"href":"https:\/\/attacmaroc.org\/fr\/wp-json\/wp\/v2\/users\/5"}],"replies":[{"embeddable":true,"href":"https:\/\/attacmaroc.org\/fr\/wp-json\/wp\/v2\/comments?post=1508"}],"version-history":[{"count":1,"href":"https:\/\/attacmaroc.org\/fr\/wp-json\/wp\/v2\/posts\/1508\/revisions"}],"predecessor-version":[{"id":1510,"href":"https:\/\/attacmaroc.org\/fr\/wp-json\/wp\/v2\/posts\/1508\/revisions\/1510"}],"wp:featuredmedia":[{"embeddable":true,"href":"https:\/\/attacmaroc.org\/fr\/wp-json\/wp\/v2\/media\/1509"}],"wp:attachment":[{"href":"https:\/\/attacmaroc.org\/fr\/wp-json\/wp\/v2\/media?parent=1508"}],"wp:term":[{"taxonomy":"category","embeddable":true,"href":"https:\/\/attacmaroc.org\/fr\/wp-json\/wp\/v2\/categories?post=1508"},{"taxonomy":"post_tag","embeddable":true,"href":"https:\/\/attacmaroc.org\/fr\/wp-json\/wp\/v2\/tags?post=1508"}],"curies":[{"name":"wp","href":"https:\/\/api.w.org\/{rel}","templated":true}]}}