{"id":1419,"date":"2022-12-20T22:04:27","date_gmt":"2022-12-20T21:04:27","guid":{"rendered":"https:\/\/attacmaroc.org\/fr\/?p=1419"},"modified":"2022-12-20T22:04:29","modified_gmt":"2022-12-20T21:04:29","slug":"succes-du-septieme-congres-dattac-cadtm-maroc-et-election-du-nouveau-secretariat-national","status":"publish","type":"post","link":"https:\/\/attacmaroc.org\/fr\/2022\/12\/20\/succes-du-septieme-congres-dattac-cadtm-maroc-et-election-du-nouveau-secretariat-national\/","title":{"rendered":"Succ\u00e8s du septi\u00e8me congr\u00e8s d\u2019ATTAC CADTM Maroc et \u00e9lection du nouveau Secr\u00e9tariat national"},"content":{"rendered":"\n<p class=\"has-text-align-center\"><strong>Succ\u00e8s du septi\u00e8me congr\u00e8s d\u2019ATTAC CADTM Maroc et \u00e9lection du nouveau Secr\u00e9tariat national<\/strong><\/p>\n\n\n\n<p>ATTAC CADTM Maroc a cl\u00f4tur\u00e9 son septi\u00e8me congr\u00e8s national \u00e0 Rabat les 16, 17 et 18 d\u00e9cembre 2022. Il a \u00e9t\u00e9 organis\u00e9 sous le slogan : \u00ab Continuons notre contribution pour construire les r\u00e9sistances pour la libert\u00e9 et la justice sociale et environnementale \u00bb.<\/p>\n\n\n\n<p>La s\u00e9ance d\u2019ouverture s\u2019est tenue le vendredi 16 d\u00e9cembre \u00e0 18h au local de l\u2019Association des droits humains AMDH \u00e0 Rabat avec 75 participant\u00b7e\u00b7s. En plus des militant\u00b7e\u00b7s d\u2019ATTAC CADTM Maroc, \u00e9taient pr\u00e9sent\u00b7e\u00b7s des repr\u00e9sentant\u00b7e\u00b7s d\u2019associations au Maroc (Association marocaine des droits humains, Association action citoyenne et \u00e9cologique, Freedom now), des syndicats (F\u00e9d\u00e9ration nationale de l\u2019enseignement, la Coordination nationale des enseignants contractuels, Syndicat d\u00e9mocratique de l\u2019agriculture affili\u00e9 \u00e0 la F\u00e9d\u00e9ration des syndicats d\u00e9mocratiques) et de partis politiques (La Voie D\u00e9mocratique Travailliste, Courant Al Mounadila), ainsi que plusieurs organes de presse.<\/p>\n\n\n\n<p>Les travaux du congr\u00e8s ont eu lieu samedi et dimanche au si\u00e8ge de la F\u00e9d\u00e9ration Nationale d\u2019Education (FNE) \u00e0 Rabat.<\/p>\n\n\n\n<p>Apr\u00e8s avoir approuv\u00e9 les deux rapports moral et financier et les projets de r\u00e9solutions pr\u00e9par\u00e9s par le comit\u00e9 pr\u00e9paratoire, les 47 congressistes ont \u00e9lu un secr\u00e9tariat national dont la composition est la suivante :<\/p>\n\n\n\n<p><strong>Secr\u00e9taire g\u00e9n\u00e9ral :<\/strong> Omar Aziki<\/p>\n\n\n\n<p><strong>Secr\u00e9taire g\u00e9n\u00e9rale adjointe : <\/strong>Fatima Zahra Ouled Bela\u00efd<\/p>\n\n\n\n<p><strong>Tr\u00e9sorier : <\/strong>Larbi Hafidi<\/p>\n\n\n\n<p><strong>Tr\u00e9sorier adjoint :<\/strong> Jamal Sadok<\/p>\n\n\n\n<p><strong>Conseiller\u00b7e\u00b7s, charg\u00e9\u00b7e\u00b7s de mission : <\/strong>Jawad Moustakbal, Samia Lakraker, Hafsa Hajiri.<\/p>\n\n\n\n<p>Le congr\u00e8s a \u00e9t\u00e9 cl\u00f4tur\u00e9 par l\u2019adoption d\u2019un communiqu\u00e9 final.<\/p>\n","protected":false},"excerpt":{"rendered":"<p>Succ\u00e8s du septi\u00e8me congr\u00e8s d\u2019ATTAC CADTM Maroc et \u00e9lection du nouveau Secr\u00e9tariat national ATTAC CADTM Maroc a cl\u00f4tur\u00e9 son septi\u00e8me congr\u00e8s national \u00e0 Rabat les 16, 17 et 18 d\u00e9cembre 2022. Il a \u00e9t\u00e9 organis\u00e9 sous le slogan : \u00ab Continuons notre contribution pour construire les r\u00e9sistances pour la libert\u00e9 et la justice sociale et [&hellip;]<\/p>\n","protected":false},"author":8,"featured_media":1420,"comment_status":"closed","ping_status":"open","sticky":false,"template":"","format":"standard","meta":{"_monsterinsights_skip_tracking":false,"_monsterinsights_sitenote_active":false,"_monsterinsights_sitenote_note":"","_monsterinsights_sitenote_category":0,"footnotes":""},"categories":[20],"tags":[],"class_list":["post-1419","post","type-post","status-publish","format-standard","has-post-thumbnail","hentry","category-communiques"],"_links":{"self":[{"href":"https:\/\/attacmaroc.org\/fr\/wp-json\/wp\/v2\/posts\/1419","targetHints":{"allow":["GET"]}}],"collection":[{"href":"https:\/\/attacmaroc.org\/fr\/wp-json\/wp\/v2\/posts"}],"about":[{"href":"https:\/\/attacmaroc.org\/fr\/wp-json\/wp\/v2\/types\/post"}],"author":[{"embeddable":true,"href":"https:\/\/attacmaroc.org\/fr\/wp-json\/wp\/v2\/users\/8"}],"replies":[{"embeddable":true,"href":"https:\/\/attacmaroc.org\/fr\/wp-json\/wp\/v2\/comments?post=1419"}],"version-history":[{"count":1,"href":"https:\/\/attacmaroc.org\/fr\/wp-json\/wp\/v2\/posts\/1419\/revisions"}],"predecessor-version":[{"id":1421,"href":"https:\/\/attacmaroc.org\/fr\/wp-json\/wp\/v2\/posts\/1419\/revisions\/1421"}],"wp:featuredmedia":[{"embeddable":true,"href":"https:\/\/attacmaroc.org\/fr\/wp-json\/wp\/v2\/media\/1420"}],"wp:attachment":[{"href":"https:\/\/attacmaroc.org\/fr\/wp-json\/wp\/v2\/media?parent=1419"}],"wp:term":[{"taxonomy":"category","embeddable":true,"href":"https:\/\/attacmaroc.org\/fr\/wp-json\/wp\/v2\/categories?post=1419"},{"taxonomy":"post_tag","embeddable":true,"href":"https:\/\/attacmaroc.org\/fr\/wp-json\/wp\/v2\/tags?post=1419"}],"curies":[{"name":"wp","href":"https:\/\/api.w.org\/{rel}","templated":true}]}}