{"id":1180,"date":"2020-12-21T11:48:32","date_gmt":"2020-12-21T10:48:32","guid":{"rendered":"https:\/\/attacmaroc.org\/fr\/?p=1180"},"modified":"2020-12-26T14:45:07","modified_gmt":"2020-12-26T13:45:07","slug":"etudes-pour-la-souverainete-alimentaire-au-maroc-pdf","status":"publish","type":"post","link":"https:\/\/attacmaroc.org\/fr\/2020\/12\/21\/etudes-pour-la-souverainete-alimentaire-au-maroc-pdf\/","title":{"rendered":"Etudes: Pour la souverainet\u00e9 alimentaire au Maroc (PDF)"},"content":{"rendered":"\n<p>L\u2019association ATTAC CADTM Maroc f\u00eate ses 20 ans. A cette occasion, elle publie ses principales publications en arabe et en fran\u00e7ais pour partager ses analyses et pour une \u00e9ducation populaire orient\u00e9e vers la lutte. Vous pouvez t\u00e9l\u00e9charger le livre sur le lien suivant\u00a0:\u00a0\u00bb<strong><span class=\"has-inline-color has-vivid-green-cyan-color\"> <\/span><span class=\"has-inline-color has-vivid-red-color\"><a href=\"https:\/\/drive.google.com\/file\/d\/1MfFGNFKj3QBGXKmsVD4hmfK4_XyVsrUr\/view?usp=sharing\" target=\"_blank\" rel=\"noopener\">Pour la souverainet\u00e9 alimentaire au Maroc<\/a>\u00ab\u00a0<\/span><\/strong><\/p>\n\n\n\n<p><strong>Introduction<\/strong><\/p>\n\n\n\n<p>L\u2019association Attac Maroc a men\u00e9 sur le terrain la pr\u00e9sente \u00e9tude relative \u00e0 la politique agricole lib\u00e9rale instituant les conditions de la mainmise des grands capitalistes sur les terres, les ressources hydriques et les autres ressources naturelles. Cette politique vise \u00e0 leur accorder des subventions publiques et des facilit\u00e9s fiscales pour produire des cultures d\u2019exportation intensives et \u00e9puisantes pour les sols, dont les recettes ne couvrent qu\u2019environ 47 % des importations alimentaires en moyenne sur une p\u00e9riode de dix ans, de 2008 \u00e0 2017, p\u00e9riode connue par la mise en \u0153uvre du \u00ab&nbsp;Plan Maroc vert&nbsp;\u00bb. Les c\u00e9r\u00e9ales constituent plus du tiers de ces importations. Le pilier principal de ce plan est la cr\u00e9ation de grandes exploitations int\u00e9gr\u00e9es (les \u2018agr\u00e9gations\u2019 du Plan Maroc vert), agricoles, commerciales, industrielles et ex<a>p<\/a>ortatrices auxquels la majorit\u00e9 des petits et moyens agriculteurs sont soumis, intensifiant le processus de leur appauvrissement, bien qu\u2019ils r\u00e9sistent encore pour produire des cultures vivri\u00e8res&nbsp;<a>m<\/a>arginalis\u00e9es par le Plan&nbsp;; ces agr\u00e9gations exploitent aussi les ouvriers et les ouvri\u00e8res agricoles dans les pires conditions, l\u00e9galement ent\u00e9rin\u00e9es par le Code du travail en vigueur.<\/p>\n\n\n\n<p>La pr\u00e9sente \u00e9tude vient dansun contexte sp\u00e9cifique principalement caract\u00e9ris\u00e9 par l\u2019offensive de l\u2019\u00c9tat via son arsenal juridique, qui vise \u00e0&nbsp;:&nbsp;<\/p>\n\n\n\n<ul class=\"wp-block-list\"><li>Faciliter&nbsp;<a>l\u2019accaparement&nbsp;<\/a>par les grands capitalistes desterres appartenant aux collectivit\u00e9s ethniques (mobilisation d\u2019un million d\u2019hectares de ces terres pour mettre en \u0153uvre des projets d\u2019investissement agricole, dont l\u2019immatriculation de 5 millions d\u2019hectares \u00e0 l\u2019horizon 2020 afin d\u2019en faciliter l\u2019appropriation priv\u00e9e)&nbsp;;<\/li><li>Poursuivre l\u2019accaparement du domaine forestier (la d\u00e9limitation administrative du domaine forestier) ; &nbsp;<\/li><li>D\u00e9velopper des projets d\u2019investissement capitaliste d\u2019exportation concernant l\u2019arganier, dans les r\u00e9gions du Sud occidental, notamment les r\u00e9gions de Souss et d\u2019Essaouira, et la destruction des traditions de son exploitation collective&nbsp;: projet de plantation de 10 milliers d\u2019hectares \u00ab&nbsp;d\u2019arganiers agricoles&nbsp;\u00bb ;<\/li><li>Am\u00e9nager des espaces pastoraux au profit des grands nomades propri\u00e9taires des troupeaux de chameaux et de b\u00e9tails (promulgation de la Loi n\u00b013-113 relative \u00e0 la transhumance pastorale, \u00e0 l\u2019am\u00e9nagement et \u00e0 la gestion des&nbsp;espaces pastoraux et sylvopastoraux).<\/li><\/ul>\n\n\n\n<p>L\u2019\u00c9tat a \u00e9galement consolid\u00e9 ses dispositifs r\u00e9pressifs et judiciaires afin de r\u00e9primer les manifestations des petits agriculteurs et de la population touch\u00e9e (arrestations et proc\u00e8s de militants et militantes) organis\u00e9es en r\u00e9ponse \u00e0 cette avanc\u00e9e capitaliste dans les r\u00e9gions de Souss, du Sud oriental, de l\u2019Occident (Sidi Slimane), de Midelt, de Tadla (B\u00e9ni Mellal et Kh\u00e9nifra) et du Rif. Dans les villes de Casablanca, le 25 novembre 2018, de Rabat, le 17 f\u00e9vrier 2019, et de Tiznit, le 24 mars 2019, des marches nationales ont \u00e9t\u00e9 organis\u00e9es pour d\u00e9noncer les diff\u00e9rentes atteintes de l\u2019\u00c9tat aux droits collectifs aux terres, aux for\u00eats, aux parcours, les richesses mini\u00e8res et autres, et ce sur une initiative de la Coordination&nbsp;<em>Akal<\/em>&nbsp;(terre) pour la d\u00e9fense du droit de la population \u00e0 la terre et \u00e0 la richesse. L\u2019ampleur des manifestations a fait preuve de la volont\u00e9 populaire de continuer la lutte, et par cons\u00e9quent, plusieurs coordinations locales ont vu le jour dans les r\u00e9gions de Souss et m\u00eame parmi les marocains r\u00e9sidents \u00e0 l\u2019\u00e9tranger.<\/p>\n\n\n\n<p>La pr\u00e9sente \u00e9tude se base sur une enqu\u00eate de terrain ayant couvert cinq grandes r\u00e9gions agricoles (Draa, Souss, Tadla, El Gharb et Loukkos) et sur des discussions issues de rencontres r\u00e9gionales \u00e9largies tenues au sein de ces r\u00e9gions avec les petits agriculteurs.trices et les ouvrier.e.s agricoles, ainsi que d\u2019autres acteurs.trices sur les effets de ce mod\u00e8le agricole fond\u00e9 sur le d\u00e9veloppement des profits d\u2019une minorit\u00e9 capitaliste cupide au d\u00e9triment de la majorit\u00e9 des couches populaires. L\u2019\u00e9tude pose \u00e9galement les \u00e9l\u00e9ments d\u2019une alternative possible fond\u00e9e sur la notion de souverainet\u00e9 alimentaire&#8230;<\/p>\n\n\n\n<p>le lien de t\u00e9l\u00e9chargement :<strong><span class=\"has-inline-color has-white-color\"> <\/span><a href=\"https:\/\/drive.google.com\/file\/d\/1MfFGNFKj3QBGXKmsVD4hmfK4_XyVsrUr\/view?usp=sharing\" target=\"_blank\" rel=\"noopener\"><span class=\"has-inline-color has-vivid-red-color\">Click <\/span><\/a><\/strong><\/p>\n","protected":false},"excerpt":{"rendered":"<p>L\u2019association ATTAC CADTM Maroc f\u00eate ses 20 ans. A cette occasion, elle publie ses principales publications en arabe et en fran\u00e7ais pour partager ses analyses et pour une \u00e9ducation populaire orient\u00e9e vers la lutte. Vous pouvez t\u00e9l\u00e9charger le livre sur le lien suivant\u00a0:\u00a0\u00bb Pour la souverainet\u00e9 alimentaire au Maroc\u00ab\u00a0 Introduction L\u2019association Attac Maroc a men\u00e9 [&hellip;]<\/p>\n","protected":false},"author":6,"featured_media":1181,"comment_status":"closed","ping_status":"open","sticky":false,"template":"","format":"standard","meta":{"_monsterinsights_skip_tracking":false,"_monsterinsights_sitenote_active":false,"_monsterinsights_sitenote_note":"","_monsterinsights_sitenote_category":0,"footnotes":""},"categories":[38],"tags":[212,157],"class_list":["post-1180","post","type-post","status-publish","format-standard","has-post-thumbnail","hentry","category-publications","tag-liver-attac","tag-souverainete-alimentaire"],"_links":{"self":[{"href":"https:\/\/attacmaroc.org\/fr\/wp-json\/wp\/v2\/posts\/1180","targetHints":{"allow":["GET"]}}],"collection":[{"href":"https:\/\/attacmaroc.org\/fr\/wp-json\/wp\/v2\/posts"}],"about":[{"href":"https:\/\/attacmaroc.org\/fr\/wp-json\/wp\/v2\/types\/post"}],"author":[{"embeddable":true,"href":"https:\/\/attacmaroc.org\/fr\/wp-json\/wp\/v2\/users\/6"}],"replies":[{"embeddable":true,"href":"https:\/\/attacmaroc.org\/fr\/wp-json\/wp\/v2\/comments?post=1180"}],"version-history":[{"count":8,"href":"https:\/\/attacmaroc.org\/fr\/wp-json\/wp\/v2\/posts\/1180\/revisions"}],"predecessor-version":[{"id":1196,"href":"https:\/\/attacmaroc.org\/fr\/wp-json\/wp\/v2\/posts\/1180\/revisions\/1196"}],"wp:featuredmedia":[{"embeddable":true,"href":"https:\/\/attacmaroc.org\/fr\/wp-json\/wp\/v2\/media\/1181"}],"wp:attachment":[{"href":"https:\/\/attacmaroc.org\/fr\/wp-json\/wp\/v2\/media?parent=1180"}],"wp:term":[{"taxonomy":"category","embeddable":true,"href":"https:\/\/attacmaroc.org\/fr\/wp-json\/wp\/v2\/categories?post=1180"},{"taxonomy":"post_tag","embeddable":true,"href":"https:\/\/attacmaroc.org\/fr\/wp-json\/wp\/v2\/tags?post=1180"}],"curies":[{"name":"wp","href":"https:\/\/api.w.org\/{rel}","templated":true}]}}