{"id":1155,"date":"2020-12-01T23:50:21","date_gmt":"2020-12-01T22:50:21","guid":{"rendered":"https:\/\/attacmaroc.org\/fr\/?p=1155"},"modified":"2020-12-04T15:35:17","modified_gmt":"2020-12-04T14:35:17","slug":"attac-cadtm-maroc-20-ans-de-lutte-pour-un-autre-maroc-possible-un-maroc-de-justice-sociale-et-environnementale-de-dignite-et-de-liberte","status":"publish","type":"post","link":"https:\/\/attacmaroc.org\/fr\/2020\/12\/01\/attac-cadtm-maroc-20-ans-de-lutte-pour-un-autre-maroc-possible-un-maroc-de-justice-sociale-et-environnementale-de-dignite-et-de-liberte\/","title":{"rendered":"ATTAC CADTM Maroc : 20 ans de lutte pour un autre Maroc possible, un Maroc de justice sociale et environnementale, de dignit\u00e9 et de libert\u00e9"},"content":{"rendered":"\n<p>par: Aziki Omar<\/p>\n\n\n\n<p><strong>Contexte de naissance<\/strong><\/p>\n\n\n\n<ul class=\"wp-block-list\"><li><strong>Contexte mondial<\/strong><\/li><\/ul>\n\n\n\n<p>Les ann\u00e9es 1990 \u00e9taient marqu\u00e9es une mont\u00e9e des luttes contre la mondialisation n\u00e9olib\u00e9rale d\u00e9chain\u00e9e par la chute du mur de Berlin. Un ensemble de r\u00e9seaux mondiaux ont \u00e9t\u00e9 alors constitu\u00e9s comme le CADTM (Comit\u00e9 pour l\u2019annulation de la dette du Tiers monde) en 1990, le mouvement paysan international La Via Campesina en 1993, la Marche mondiale des femmes \u00e0 la fin des ann\u00e9es 1990, Jubil\u00e9 Sud en 1999, et puis ATTAC \u00e0 partir de 1998. Le blocage du sommet de l\u2019OMC (Organisation mondiale du commerce) \u00e0 Seattle en novembre 1999 par 40&nbsp;000 manifestant\u00b7e\u00b7s constituait l\u2019une des premi\u00e8res manifestations altermondialistes d&rsquo;envergure. Ces diff\u00e9rents mouvements ont converg\u00e9 dans la cr\u00e9ation du Forum social mondial en 2001. Ce dernier permettait la convergence des diverses th\u00e9matiques (annulation de la dette, souverainet\u00e9 alimentaire, lib\u00e9ration des femmes, taxation des transactions financi\u00e8res, etc.) pour une compr\u00e9hension globale de la domination du capitalisme et sa destruction de notre plan\u00e8te, le d\u00e9veloppement des alternatives pour un autre monde possible et la coordination des contestations, dans un esprit de consensus, contre les institutions financi\u00e8res internationales (Banque mondiale, Fonds mon\u00e9taire international, Organisation mondiale du commerce, etc.) et les puissances imp\u00e9rialistes (USA, Union europ\u00e9enne, etc.).<\/p>\n\n\n\n<p><strong>Contexte national<\/strong><\/p>\n\n\n\n<p>C\u2019est dans ce contexte mondial de mobilisations qu\u2019est n\u00e9e l\u2019association ATTAC Maroc. Les premi\u00e8res discussions entre militant\u00b7e\u00b7s de divers horizons ont \u00e9t\u00e9 initi\u00e9es au d\u00e9but des ann\u00e9es 2000 et une premi\u00e8re assembl\u00e9e constitutive d\u2019ATTAC Maroc a \u00e9t\u00e9 organis\u00e9e \u00e0 Rabat en juillet 2000 malgr\u00e9 les harc\u00e8lements des autorit\u00e9s<a href=\"#_ftn1\">[1]<\/a>. Le premier congr\u00e8s national a \u00e9t\u00e9 tenu les 14 et 15 juillet 2001 \u00e0 Casablanca. L\u2019association a eu son r\u00e9c\u00e9piss\u00e9 l\u00e9gal le 29 mars 2002. Apr\u00e8s trois ans de crise organisationnelle, les groupes locaux qui n\u2019ont jamais arr\u00eat\u00e9 leur travail de construction et de soutien des luttes notamment contre les privatisations des services publics (Yaacoub El Mansour \u00e0 Rabat, Lydec \u00e0 Casablanca, transport urbain \u00e0 Agadir\u2026) ont r\u00e9ussi \u00e0 tenir, en d\u00e9cembre 2005, un congr\u00e8s extraordinaire qui a constitu\u00e9 une \u00e9tape qualitative pour la construction d\u2019une association d\u2019\u00e9ducation populaire tourn\u00e9e vers l\u2019action et le renforcement des alliances avec les autres organisations de lutte comme les dipl\u00f4m\u00e9\u00b7e\u00b7s ch\u00f4meur\/euses, les syndicats, les coordinations de contestations populaires et beaucoup d\u2019autres initiatives sur divers th\u00e9matiques (migrations, droits humains, etc.).<\/p>\n\n\n\n<p>En 2006, ATTAC Maroc a adh\u00e9r\u00e9 au r\u00e9seau CADTM (Comit\u00e9 pour l\u2019annulation de la dette du Tiers-monde, qui deviendra, \u00e0 partir de mai 2016, Comit\u00e9 pour l\u2019abolition des dettes ill\u00e9gitimes). Cette adh\u00e9sion se concr\u00e9tisa dans les statuts du IV\u00e8me congr\u00e8s national tenu le 29 janvier 2012 et le nom de l\u2019association deviendra d\u00e8s lors ATTAC CADTM Maroc.<\/p>\n\n\n\n<p>C\u2019\u00e9tait l\u2019\u00e9poque de la gestion de la transition monarchique facilit\u00e9e par le gouvernement dit d\u2019alternance (1998-2002) institu\u00e9 par le roi Hassan II, d\u00e9c\u00e9d\u00e9 en juillet 1999. La monarchie tente d\u2019att\u00e9nuer l\u2019ampleur de la p\u00e9riode appel\u00e9e \u00ab&nbsp;les ann\u00e9es de plomb&nbsp;\u00bb. Les politiques lib\u00e9rales d\u2019ouverture de l\u2019\u00e9conomie contenues d\u00e9j\u00e0 dans le programme d\u2019ajustement structurel (1983-1993) se poursuivent. Notons que pendant ces 10 ann\u00e9es du PAS, le Maroc a connu 3 grands soul\u00e8vements populaires (juin 1981, janvier 1984 et d\u00e9cembre 1990) avec une large majorit\u00e9 de jeunes, qui attestent de la brutalit\u00e9 des politiques d\u2019aust\u00e9rit\u00e9 sur les salari\u00e9\u00b7e\u00b7s et les couches pauvres de la population.<\/p>\n\n\n\n<p>Le Maroc a accueilli la Conf\u00e9rence du GATT (l&rsquo;Accord g\u00e9n\u00e9ral sur les tarifs douaniers et le commerce) qui s\u2019est tenue \u00e0 Marrakech du 7 au 15 avril 1994 et qui consacrait la signature de l&rsquo;acte fondateur de l&rsquo;OMC (Organisation mondiale du commerce). En plus du commerce des marchandises que r\u00e9gissait le GATT, l&rsquo;OMC englobe le commerce des services et la propri\u00e9t\u00e9 intellectuelle et inclut de nouvelles proc\u00e9dures de r\u00e8glement des diff\u00e9rends commerciaux. Le Maroc est devenu membre de l\u2019OMC le premier janvier 1995. Un accord de libre-\u00e9change est sign\u00e9 entre le Maroc et l&rsquo;Union europ\u00e9enne le 26 f\u00e9vrier 1996 et entr\u00e9 en vigueur le 1er mars 2000. Il portait sur l&rsquo;\u00e9limination progressive \u2013 sur une d\u00e9cennie \u2013 des droits de douane sur les produits industriels entre les deux signataires.<\/p>\n\n\n\n<p>Les privatisations des entreprises et \u00e9tablissements publics lanc\u00e9es en 1993 s\u2019\u00e9largissent. Celles des services publics, en vertu des dispositions de l\u2019Accord g\u00e9n\u00e9ral sur le commerce et les services (AGCS) de l\u2019OMC, sont entam\u00e9es \u00e0 travers les premi\u00e8res exp\u00e9riences de \u00ab&nbsp;gestion d\u00e9l\u00e9gu\u00e9e&nbsp;\u00bb de la distribution d&rsquo;eau potable et d&rsquo;assainissement liquide en zone urbaine&nbsp;:<\/p>\n\n\n\n<ul class=\"wp-block-list\"><li>En 1997 \u00e0 Casablanca au profit de Lydec, filiale marocaine de la Lyonnaise des eaux de la multinationale fran\u00e7aise GDF Suez appel\u00e9 aujourd\u2019hui groupe ENGIE.<\/li><li>En 1998 \u00e0 Rabat au profit de Redal, filiale marocaine de la multinationale fran\u00e7aise Veolia.<\/li><li>A Tanger et T\u00e9touan en 2002 au profit d\u2019Amendis, filiale elle aussi de Veolia.<\/li><\/ul>\n\n\n\n<p>Les contrats de \u00ab&nbsp;gestion d\u00e9l\u00e9gu\u00e9e&nbsp;\u00bb s\u2019\u00e9tendent au transport urbain par autobus, au service de collecte des d\u00e9chets m\u00e9nagers, \u00e0 la gestion des d\u00e9charges publiques, etc.<\/p>\n\n\n\n<p>Un vaste programme de r\u00e9formes lib\u00e9rales du secteur de l\u2019enseignement a \u00e9t\u00e9 entam\u00e9 avec l\u2019adoption en 1999 de la \u00ab&nbsp;Charte nationale d\u2019\u00e9ducation et de formation&nbsp;\u00bb. Par ailleurs, un d\u00e9cret du 30 mars 1999 mettait fin \u00e0 la gratuit\u00e9 des services de sant\u00e9.<\/p>\n\n\n\n<p>Ces privatisations des services publics ont conduit \u00e0 une mont\u00e9e des protestations populaires contre la hausse des prix et la mauvaise qualit\u00e9 des services.<\/p>\n\n\n\n<p>Les initiateurs et les initiatrices d\u2019ATTAC Maroc ont donc \u00e9t\u00e9 d\u2019embl\u00e9e au c\u0153ur des effets de la mondialisation lib\u00e9rale sur notre pays et cherchaient \u00e0 enrichir la r\u00e9flexion, \u00e0 partir d\u2019exp\u00e9riences de r\u00e9sistances au niveau mondial, sur l\u2019\u00e9largissement du mouvement social au Maroc, et les formes d\u2019organisation \u00e0 adopter pour cr\u00e9er un rapport de force contre les offensives n\u00e9olib\u00e9rales.<\/p>\n\n\n\n<p><strong>Au c\u0153ur des luttes sociales<\/strong><\/p>\n\n\n\n<p>ATTAC Maroc s\u2019est d\u2019embl\u00e9e engag\u00e9e activement dans les grandes luttes sociales qu\u2019a connu le Maroc durant la d\u00e9cennie 2000-2010 comme les luttes :<\/p>\n\n\n\n<ul class=\"wp-block-list\"><li>De l\u2019Association nationale des dipl\u00f4m\u00e9s ch\u00f4meur\/euses au Maroc ANDCM (2000-2006).<\/li><li>Des habitants de Rabat contre la hausse des factures d\u2019eau (2002-2003).<\/li><li>Des ouvriers de la mine Imini (mangan\u00e8se) au Sud-est du Maroc qui a permis l\u2019acquittement des six mineurs syndicalistes condamn\u00e9s en premi\u00e8re instance \u00e0 dix ans de prison ferme (2003-2004).<\/li><li>De la population d\u2019Al Hoceima contre la marginalisation (2005).<\/li><li>Des habitants de Tata pour la gratuit\u00e9 des services de sant\u00e9 (2005).<\/li><li>De la population de Sidi Ifni (2005-2008) pour des revendications sociales dont la mise en place de projets de d\u00e9veloppement pour cr\u00e9er de l\u2019emploi aux jeunes.<\/li><li>Des coordinations locales contre la hausse des prix (2006-2008), plus de 70 coordinations ont \u00e9t\u00e9 cr\u00e9\u00e9 \u00e0 travers tout le pays\u2026<\/li><\/ul>\n\n\n\n<p>Ces diff\u00e9rentes luttes ont subi la r\u00e9pression et les arrestations. A Sefrou, le soul\u00e8vement de la population, le 23 septembre 2007, contre la hausse des prix des produits de base a \u00e9t\u00e9 sauvagement r\u00e9prim\u00e9 faisant 150 bless\u00e9s et 40 arrestations. A Sidi Ifni, apr\u00e8s plusieurs interventions violentes contre la mobilisation populaire qui a commenc\u00e9 en mai 2005, l\u2019arm\u00e9e et la police ont lanc\u00e9, le 7 juin 2008, un assaut pour mater le soul\u00e8vement avec des exactions syst\u00e9matiques (viols, vols, passage \u00e0 tabac, etc.), et plus de 300 arrestations dont plusieurs membres du groupe ATTAC Ifni et son secr\u00e9taire g\u00e9n\u00e9ral Bara Brahim. ATTAC Maroc a initi\u00e9, le 15 juin 2008, une caravane nationale de solidarit\u00e9 pour lever le blocus de la ville.<\/p>\n\n\n\n<p>ATTAC CADTM Maroc participait aux diff\u00e9rentes campagnes de solidarit\u00e9 \u00e0 l\u2019\u00e9chelle nationale et internationale contre la r\u00e9pression et la criminalisation des luttes sociales dans notre pays.<\/p>\n\n\n\n<p>ATTAC CADTM Maroc a \u00e9t\u00e9 partie prenante du mouvement du 20 f\u00e9vrier 2011 n\u00e9 dans le contexte des r\u00e9voltes et soul\u00e8vements populaires qu\u2019a connu la r\u00e9gion arabe\/Afrique du Nord et Moyen Orient (MENA) depuis la fin de 2010. Toutes les couches sociales populaires descendaient dans la rue pour r\u00e9clamer justice sociale, dignit\u00e9 et libert\u00e9. C\u2019\u00e9tait une d\u00e9nonciation profonde du syst\u00e8me d\u2019accaparement et de concentration de richesses sous le \u00ab&nbsp;nouveau r\u00e8gne&nbsp;\u00bb. Le rythme soutenu de l\u2019application des politiques n\u00e9olib\u00e9rales en concertation avec les Institutions financi\u00e8res internationales, a favoris\u00e9 l\u2019\u00e9mergence de nouveaux milliardaires dans une \u00e9conomie de rente, au d\u00e9triment de la majorit\u00e9 des couches populaires dont les conditions \u00e9conomiques et sociales ne cessent de se d\u00e9grader. Les groupes locaux d\u2019ATTAC Maroc se joignaient corps et \u00e2me aux marches et <em>sit-in<\/em> populaires dans leurs r\u00e9gions (2011-2012).<\/p>\n\n\n\n<p>Le <em>Hirak<\/em> (mouvement de contestation populaire) du Rif au Nord du Maroc d\u00e9clench\u00e9 en octobre 2016 par la mort violente d\u2019un vendeur de poisson dans un camion benne se situe dans ce nouveau contexte de luttes sociales ouvert par le mouvement du 20 f\u00e9vrier 2011. Malgr\u00e9 la r\u00e9pression f\u00e9roce, il a dur\u00e9 presque deux ans, environ 400 personnes ont \u00e9t\u00e9 condamn\u00e9es et les principaux leaders ont \u00e9cop\u00e9 des peines allant jusqu\u2019\u00e0 20 ans de prison. ATTAC CADTM Maroc a particip\u00e9 \u00e0 la grande marche de la ville d\u2019Al-Hoceima le 23 juillet 2017 qui a \u00e9t\u00e9 violemment r\u00e9prim\u00e9e et aussi aux autres marches nationales de solidarit\u00e9 avec le <em>Hirak<\/em> du Rif (le 08 juillet 2018 \u00e0 Casablanca, le 15 juillet 2018 \u00e0 Rabat, le 21 avril 2019 \u00e0 Rabat). Elle a \u00e9dit\u00e9 un livre en arabe intitul\u00e9 \u00ab&nbsp;<em>Hirak<\/em> du Rif, une lutte populaire h\u00e9ro\u00efque pour la libert\u00e9 et la justice sociale&nbsp;\u00bb (2018). 1 200 exemplaires ont \u00e9t\u00e9 tr\u00e8s vite \u00e9puis\u00e9s. Elle a \u00e9galement r\u00e9alis\u00e9 un film documentaire \u00ab Death Over Humiliation \u00bb (Mourir pour ne pas accepter l\u2019humiliation)<a href=\"#_ftn2\">[2]<\/a>.<\/p>\n\n\n\n<p>Le <em>Hirak<\/em> du Rif a initi\u00e9 d\u2019autres mobilisations populaires, notamment le <em>Hirak<\/em> de Jerada (ville mini\u00e8re \u00e0 l\u2019Est du Maroc) qui a \u00e9t\u00e9 d\u00e9clench\u00e9 en 2017-2018 par la mort accidentelle de deux hommes cherchant du charbon dans un puits d\u00e9saffect\u00e9. 17 personnes ont \u00e9t\u00e9 condamn\u00e9es \u00e0 des peines de deux \u00e0 quatre ans de prison ferme.<\/p>\n\n\n\n<figure class=\"wp-block-image alignwide size-large\"><img fetchpriority=\"high\" decoding=\"async\" width=\"605\" height=\"340\" src=\"https:\/\/attacmaroc.org\/fr\/wp-content\/uploads\/2020\/12\/attac-maroc.jpg\" alt=\"\" class=\"wp-image-1169\" srcset=\"https:\/\/attacmaroc.org\/fr\/wp-content\/uploads\/2020\/12\/attac-maroc.jpg 605w, https:\/\/attacmaroc.org\/fr\/wp-content\/uploads\/2020\/12\/attac-maroc-300x169.jpg 300w, https:\/\/attacmaroc.org\/fr\/wp-content\/uploads\/2020\/12\/attac-maroc-390x220.jpg 390w\" sizes=\"(max-width: 605px) 100vw, 605px\" \/><\/figure>\n\n\n\n<p>Dans plusieurs villes et localit\u00e9s du pays, il y avait plusieurs protestations sociales. Ces luttes ont de nouveau remis en question le \u00ab&nbsp;mod\u00e8le de d\u00e9veloppement&nbsp;\u00bb bas\u00e9e sur une logique capitaliste. La majorit\u00e9 vit dans la mis\u00e8re, le ch\u00f4mage et la pr\u00e9carit\u00e9 alors qu\u2019une minorit\u00e9 li\u00e9e \u00e0 la sph\u00e8re du pouvoir accumule les fortunes. Les libert\u00e9s publiques sont constamment bafou\u00e9es et les organisations de lutte harcel\u00e9es. Ce sentiment de la <em>Hogra<\/em> (humiliation) est g\u00e9n\u00e9ralis\u00e9 au sein de la jeunesse qui n\u2019a plus confiance dans un syst\u00e8me d\u2019injustice sociale et despotisme politique.&nbsp; La campagne de boycott citoyen de produits de consommation commercialis\u00e9s par quelques familles milliardaires au Maroc<a href=\"#_ftn3\">[3]<\/a> constitue une des nouvelles formes de contestation citoyenne. Cette campagne initi\u00e9e \u00e0 travers les r\u00e9seaux sociaux a connu un large succ\u00e8s. ATTAC CADTM Maroc a soutenu cette initiative qui constitue une continuit\u00e9 des mouvements de contestation populaire et pourra ouvrir d\u2019autres perspectives pour le mouvement social au Maroc<a href=\"#_ftn4\">[4]<\/a>.<\/p>\n\n\n\n<p>ATTAC CADTM Maroc est depuis sa constitution organiquement li\u00e9e aux luttes sociales au Maroc et a contribu\u00e9 largement \u00e0 d\u00e9velopper les outils d\u2019\u00e9ducation populaire contre la domination du Capital et les alternatives pour une justice sociale et environnementale.<\/p>\n\n\n\n<p><strong>Pour l\u2019abolition de la dette publique ill\u00e9gitime<\/strong><\/p>\n\n\n\n<p>La question de la dette publique \u00e9tait toujours au c\u0153ur de l\u2019action d\u2019ATTAC Maroc. L\u2019endettement ext\u00e9rieur a \u00e9t\u00e9 l\u2019une des causes principales de la colonisation du pays par l\u2019imp\u00e9rialisme fran\u00e7ais depuis 1912. Combin\u00e9 \u00e0 l\u2019extension du libre-\u00e9change, il a aliment\u00e9 l\u2019arri\u00e9ration structurelle de l\u2019\u00e9conomie. En 1956, l\u2019ind\u00e9pendance fut accompagn\u00e9e d\u2019un engagement de la monarchie \u00e0 payer les dettes de la p\u00e9riode coloniale. Elle b\u00e9n\u00e9ficiera du concours des Institutions financi\u00e8res internationales (IFI) \u00e0 partir du d\u00e9but des ann\u00e9es 1960 \u00e0 travers une s\u00e9rie de pr\u00eats alors qu\u2019elle imposait un \u00e9tat de terreur qui a dur\u00e9 jusqu&rsquo;\u00e0 la fin des ann\u00e9es 1990. A partir de 1978-1980, le Maroc ne pouvait plus rembourser le service de la dette, et pour b\u00e9n\u00e9ficier d\u2019un r\u00e9\u00e9chelonnement, il s\u2019est engag\u00e9 dans le programme d\u2019ajustement structurel dict\u00e9 par les IFI (1983-1993) qui va entamer une \u00e8re d\u2019ouverture lib\u00e9rale et une plus grande int\u00e9gration dans le march\u00e9 international. La dette publique totale n\u2019a pas diminu\u00e9, mais va au contraire grimper de 56 % du PIB en 2008 (crise mondiale du capitalisme) \u00e0 87 % en 2019.<\/p>\n\n\n\n<p>Au d\u00e9but des ann\u00e9es 2000, l\u2019action d\u2019ATTAC Maroc en relation avec la dette publique se concentrait sur les campagnes contre les privatisations&nbsp;:<\/p>\n\n\n\n<ul class=\"wp-block-list\"><li>Des deux grandes soci\u00e9t\u00e9s de gestion des terres agricoles r\u00e9cup\u00e9r\u00e9es SODEA et SOGETA (2003-2006), des services de la poste (2007).<\/li><li>De l\u2019eau potable des sources naturelles \u00e0 Ben Smim (2007-2009).<\/li><li>Des services publics comme la sant\u00e9, l\u2019enseignement, le transport urbain, etc.<\/li><\/ul>\n\n\n\n<p>La loi des finances \u00e9tait \u00e9galement un sujet de travail et de contestation en collaboration avec l\u2019Association nationale des dipl\u00f4m\u00e9s ch\u00f4meur\/euses au Maroc ANDCM. La dette et les politiques d\u2019aust\u00e9rit\u00e9 accentuent le d\u00e9ficit des caisses de l&rsquo;\u00c9tat, r\u00e9duisent les budgets des secteurs sociaux et g\u00e8lent les emplois dans la fonction publique. Elles augmentent le ch\u00f4mage et la pr\u00e9carit\u00e9.<\/p>\n\n\n\n<p>A partir de 2010, la dette est devenue une th\u00e9matique principale dans la r\u00e9flexion et l\u2019intervention d\u2019ATTAC CADTM Maroc. Une campagne a \u00e9t\u00e9 lanc\u00e9e en octobre 2010&nbsp;:&nbsp;\u00ab&nbsp;Soyons r\u00e9alistes, exigeons l\u2019impossible : arr\u00eatons le remboursement de la dette !&nbsp;\u00bb. &nbsp;En avril 2013, elle a lanc\u00e9 son appel pour un audit de la dette publique marocaine<a href=\"#_ftn5\">[5]<\/a>, suivi, en mai 2013, d\u2019un premier s\u00e9minaire international sur la dette avec la participation d\u2019universitaires marocains et d\u2019experts internationaux, en particulier de membres du r\u00e9seau CADTM international, ainsi que de plusieurs repr\u00e9sentants d\u2019organisations progressistes marocaines.<\/p>\n\n\n\n<p>ATTAC CADTM Maroc b\u00e9n\u00e9ficiait de l\u2019expertise du r\u00e9seau CADTM International et s\u2019inspirait de son long combat contre la dette. \u00c0 travers sa responsabilit\u00e9 dans le secr\u00e9tariat international<a href=\"#_ftn6\">[6]<\/a> du CADTM qu\u2019elle partage avec le CADTM Belgique, mise en place par l\u2019Assembl\u00e9e mondiale du CADTM qui s\u2019est tenue \u00e0 Bouznika en mai 2013, elle a pu tisser des liens avec les r\u00e9sistances \u00e0 travers le monde et \u00e9laborer des analyses du syst\u00e8me dette dans le capitalisme mondialis\u00e9 et avancer des alternatives.<\/p>\n\n\n\n<p>Le V\u00e8me congr\u00e8s national d\u2019ATTAC CADTM Maroc qui s\u2019est tenu le 28 f\u00e9vrier, le 1 et 2 mars 2014 \u00e0 Rabat, a d\u00e9fini des priorit\u00e9s strat\u00e9giques. Il s\u2019agissait de la dette publique comme question centrale et des accords dits de libre-\u00e9change avec les grandes puissances occidentales. Ce sont les deux instruments de la domination imp\u00e9rialiste.<\/p>\n\n\n\n<p>En avril 2014, ATTAC CADTM Maroc a organis\u00e9 la 2\u00e8me \u00e9dition du s\u00e9minaire international sur la dette et les Institutions financi\u00e8res internationales (FMI et la Banque mondiale). Le s\u00e9minaire comprenait deux parties, la premi\u00e8re portait sur la dette et les institutions financi\u00e8res internationales et la seconde \u00e9tait intitul\u00e9e \u00ab l&rsquo;audit de la dette, une n\u00e9cessite d\u00e9mocratique \u00bb.<\/p>\n\n\n\n<p>La 3\u00e8me \u00e9dition du s\u00e9minaire international sur la dette et les alternatives a \u00e9t\u00e9 tenue \u00e0 Tunis en d\u00e9cembre 2015 pour appuyer le lancement de l\u2019initiative de cr\u00e9ation d\u2019une commission pour la v\u00e9rit\u00e9 sur la dette en Tunisie. Elle est suivie de la 4\u00e8me \u00e9dition en novembre 2016 qui portait notamment sur la proposition de loi sur l\u2019audit de la dette d\u00e9pos\u00e9e aupr\u00e8s du parlement tunisien. Le lien a \u00e9t\u00e9 fait entre la question de la dette, les accords de libre-\u00e9change et les politiques lib\u00e9rales d\u2019aust\u00e9rit\u00e9.<\/p>\n\n\n\n<p>ATTAC CADTM Maroc consid\u00e8re&nbsp;le syst\u00e8me dette comme un m\u00e9canisme de domination et de pillage. Dans son appel pour un audit de la dette publique, elle a bien d\u00e9velopp\u00e9 son alternative et sa m\u00e9thodologie&nbsp;: \u00ab&nbsp;La dette nous prive de notre souverainet\u00e9 politique, \u00e9conomique, sociale, alimentaire et environnementale. Elle est li\u00e9e aux choix strat\u00e9giques du pays dict\u00e9s par les Institutions financi\u00e8res internationales, ent\u00e9rin\u00e9s par un parlement sans l\u00e9gitimit\u00e9 populaire, et appliqu\u00e9s par un gouvernement de fa\u00e7ade. Nul d\u00e9veloppement \u00e9conomique, social ou humain est possible sans la sortie du cercle infernal de la dette. Pour toutes ces raisons, un audit de la dette publique marocaine s\u2019impose\u2026 Il est de droit des citoyen\u00b7ne\u00b7s marocain\u00b7ne\u00b7s de demander des comptes. Cette revendication d\u00e9mocratique est basique pour cr\u00e9er une culture de la reddition des comptes publics et pour instaurer des instruments de contr\u00f4les des choix strat\u00e9giques du pays. Cette campagne sera l\u2019occasion pour une mobilisation populaire qu\u2019on voudrait large contre la dette et ses effets catastrophiques sur notre pays. Pour y arriver nous appelons \u00e0 :<\/p>\n\n\n\n<ul class=\"wp-block-list\"><li>La cr\u00e9ation d\u2019un comit\u00e9 pour l\u2019audit de la dette publique compos\u00e9 d\u2019organisations syndicales, de partis de gauche, d\u2019organisations des droits humains, des dipl\u00f4m\u00e9\u00b7e\u00b7s ch\u00f4meur\/euses, des f\u00e9ministes et des jeunes, des universitaires, des experts \u00e9conomiques et juridiques, des parlementaires, etc. et toutes les composantes de la population marocaine refusant le diktat de la dette. Ce comit\u00e9 sera aussi compos\u00e9 d\u2019experts internationaux qui ont d\u00e9j\u00e0 pris part \u00e0 des exp\u00e9riences d\u2019audits de par le monde.<\/li><li>Un moratoire sur le remboursement de la dette marocaine le temps que se termine l\u2019audit et paraissent ses r\u00e9sultats.&nbsp;&nbsp;&nbsp;&nbsp;&nbsp;&nbsp;&nbsp;&nbsp;&nbsp;&nbsp;&nbsp;<\/li><li>La r\u00e9pudiation des dettes jug\u00e9es ill\u00e9gitimes ou odieuses par l\u2019audit, sp\u00e9cialement celles emprunt\u00e9s durant les ann\u00e9es de plomb \u00bb.&nbsp;<\/li><\/ul>\n\n\n\n<p>ATTAC CADTM Maroc a coordonn\u00e9 avec les diff\u00e9rentes organisations de lutte au Maroc pour concr\u00e9tiser ces propositions d\u2019alternative \u00e0 la dette. Mais les avanc\u00e9es sont tr\u00e8s faibles. Il faudra encore une longue patience d\u2019\u00e9ducation populaire.<\/p>\n\n\n\n<p>La dette publique est un instrument pour mener une offensive tr\u00e8s dure contre les droits \u00e9conomiques et sociaux des salari\u00e9\u00b7e\u00b7s et des couches pauvres de la population. Pour ATTAC CADTM Maroc, la lutte contre les politiques d\u2019aust\u00e9rit\u00e9 (r\u00e9duction des budgets sociaux, r\u00e9duction des subventions pour les principaux produits de consommation de base, d\u00e9mant\u00e8lement des services publics. etc.) fait partie de la lutte contre le syst\u00e8me dette<a href=\"#_ftn7\">[7]<\/a>. En novembre 2017, elle a organis\u00e9 un s\u00e9minaire national sur l\u2019endettement et l\u2019\u00e9ducation. Ce s\u00e9minaire vient dans le contexte de l\u2019offensive de l\u2019\u00c9tat sur la gratuit\u00e9 de l\u2019enseignement et g\u00e9n\u00e9ralisation des contrats \u00e0 dur\u00e9e d\u00e9termin\u00e9e dans ce secteur. ATTAC CADTM Maroc a accompagn\u00e9 les luttes des enseignant\u00b7e\u00b7s contractuel\u00b7le\u00b7s (2016-2019) et a particip\u00e9 aux formes de solidarit\u00e9 contre leur r\u00e9pression. La 15\u00e8me session de son universit\u00e9 de printemps organis\u00e9e \u00e0 Marrakech en avril 2019 \u00e9tait consacr\u00e9e au bilan de l\u2019offensive n\u00e9olib\u00e9rale sur l\u2019enseignement et les luttes des coordinations des contractuel\u00b7le\u00b7s.<\/p>\n\n\n\n<p><strong>Pour l\u2019annulation des dette priv\u00e9es ill\u00e9gitimes&nbsp;<\/strong><\/p>\n\n\n\n<p>ATTAC CADTM Maroc a d\u00e9velopp\u00e9 un travail de solidarit\u00e9 et d\u2019accompagnement des luttes des victimes du microcr\u00e9dit (2012-2017). En effet, les victimes du microcr\u00e9dit, avec une majorit\u00e9 de femmes, plus particuli\u00e8rement au sud-est du Maroc (plus de 4 500 femmes) sont descendues dans la rue en 2011-2012, pour r\u00e9clamer leur refus de payer les taux d\u2019int\u00e9r\u00eats exorbitants (30 \u00e0 40 % et parfois plus) et d\u00e9noncer les exactions des institutions de la microfinance. ATTAC CADTM Maroc a organis\u00e9, en mars 2012, une caravane nationale de solidarit\u00e9 et puis une caravane internationale en avril 2014 qui ont permis, en novembre 2016, d\u2019acquitter Amina Morad et Nasser Isma\u00efni, respectivement pr\u00e9sident et vice-pr\u00e9sidente de l\u2019Association d\u2019assistance populaire pour le d\u00e9veloppement social (association des victimes du microcr\u00e9dit) qui ont \u00e9t\u00e9 condamn\u00e9s \u00e0 1 an de prison ferme et de lourdes amendes. Le microcr\u00e9dit, comme partie des dettes priv\u00e9es ill\u00e9gitimes est devenu un axe de travail et de r\u00e9flexion au sein d\u2019ATTAC CADTM Maroc et le r\u00e9seau mondial du CADTM. ATTAC CADTM Maroc a publi\u00e9 un livre en arabe (2016) et en fran\u00e7ais (2017) intitul\u00e9 \u00ab&nbsp;le microcr\u00e9dit au Maroc&nbsp;: quand les pauvres financent les riches. \u00c9tude de terrain et analyse du syst\u00e8me du microcr\u00e9dit&nbsp;<a href=\"#_ftn8\">[8]<\/a>\u00bb. Un grand nombre d\u2019analyses sont publi\u00e9es sur les sites d\u2019ATTAC CADTM Maroc et le CADTM qui ont organis\u00e9 plusieurs s\u00e9minaires internationaux, r\u00e9gionaux et nationaux en Afrique et en Asie du Sud pour consolider la formation, partager les exp\u00e9riences de lutte et \u00e9tudier les alternatives contre le microcr\u00e9dit et les dettes ill\u00e9gitimes.<\/p>\n\n\n\n<p>Dans son \u00e9tude, ATTAC CADTM Maroc r\u00e9sumait son analyse ainsi&nbsp;: \u00ab&nbsp;le march\u00e9 des microcr\u00e9dits n\u2019est pas un outil de lutte contre la pauvret\u00e9, et, au-del\u00e0 des beaux discours, cela ne fait pas partie de ses objectifs. La logique de son fonctionnement, \u00e0 savoir pr\u00eater de l\u2019argent pour en retirer des b\u00e9n\u00e9fices, conduit \u00e0 un nouvel appauvrissement des pauvres, \u00e0 travers le transfert d\u2019une partie importante de leurs revenus vers le march\u00e9 financier. Ainsi, ce sont les pauvres qui financent en grande partie le march\u00e9 bancaire. La logique du profit, qui est le moteur du fonctionnement des institutions de la microfinance (IMF) est en contradiction avec la logique de lutte contre la pauvret\u00e9. L\u2019insertion de millions de pauvres dans les march\u00e9s financiers, et en particulier les banques, s\u2019accompagne de l\u2019application d\u2019un taux d\u2019int\u00e9r\u00eat usuraire&#8230; Il nous semble donc n\u00e9cessaire d&rsquo;arr\u00eater l&rsquo;activit\u00e9 des IMF et d&rsquo;ouvrir une enqu\u00eate sur les formes de pillages et les exactions commises par ces institutions contre leurs clients. Nous soutenons toutes les luttes des victimes pour la d\u00e9fense de leurs droits, en particulier le mouvement des victimes du microcr\u00e9dit \u00e0 Ouarzazate qui demande l\u2019annulation du paiement des microcr\u00e9dits parce que la plupart sont ill\u00e9gitimes et ill\u00e9gaux&nbsp;\u00bb. Cette notion d\u2019ill\u00e9galit\u00e9 li\u00e9e aux vices contractuels est par ailleurs explicit\u00e9e dans l\u2019\u00e9tude.<\/p>\n\n\n\n<p>Comme pour l\u2019audit citoyen de la dette publique, une mobilisation citoyenne et sociale est n\u00e9cessaire pour enqu\u00eater sur les diff\u00e9rentes formes de pillage et abus commis par les institutions de microcr\u00e9dit, de cr\u00e9dit \u00e0 la consommation et les banques contre leurs victimes, et \u00e0 scruter les fondements ill\u00e9gitimes et ill\u00e9gales qui n\u00e9cessitent l\u2019annulation des dettes priv\u00e9es des m\u00e9nages pauvres.<\/p>\n\n\n\n<p><strong>Contre les accords de libre-\u00e9change, accords coloniaux contre les peuples<\/strong><\/p>\n\n\n\n<p>La lutte contre les accords dits de libre-\u00e9change constituait \u00e9galement l\u2019une des priorit\u00e9s strat\u00e9giques d\u2019ATTAC CADTM Maroc. Notre association d\u00e9non\u00e7ait la pression des grandes puissances imp\u00e9rialistes comme l\u2019Union europ\u00e9enne mais aussi les USA qui ont conclu eux aussi un accord de libre-\u00e9change avec le Maroc entr\u00e9 en vigueur le 1\u1d49\u02b3 janvier 2006, ainsi que le danger de cette ouverture g\u00e9n\u00e9ralis\u00e9e sur notre souverainet\u00e9 populaire et alimentaire.<\/p>\n\n\n\n<p>Le Maroc a sign\u00e9 une panoplie d\u2019accords de libre-\u00e9change (ALE) avec divers pays du Nord et du Sud. Cette ouverture de l\u2019\u00e9conomie marocaine \u00e0 la concurrence internationale est pr\u00e9sent\u00e9e officiellement comme une \u00ab chance pour le Maroc d\u2019int\u00e9grer la mondialisation et permettre aux entreprises marocaines d\u2019acc\u00e9der aux march\u00e9s \u00e0 l\u2019international \u00bb. Avec cette ambition, l\u2019\u00c9tat marocain devient le \u00ab champion \u00bb r\u00e9gional du libre-\u00e9change. Les r\u00e9sultats n\u00e9gatifs sont bien \u00e9vidents : d\u00e9s\u00e9quilibres ext\u00e9rieurs du pays, \u00e9rosion du tissu industriel marocain, augmentation du ch\u00f4mage, d\u00e9pendance alimentaire, etc\u2026<\/p>\n\n\n\n<p>C&rsquo;est pourquoi, la question des accords de libre \u00e9change est centrale pour l\u2019avenir du Maroc et les conditions de vie des marocains et ATTAC CADTM Maroc accorde beaucoup d\u2019importance \u00e0 lever le silence qui entoure cette question, \u00e0 pr\u00e9senter des \u00e9l\u00e9ments de r\u00e9flexion et d\u2019alternatives sur ce sujet, et \u00e0 avancer des initiatives de sensibilisation et d\u2019actions communes.<\/p>\n\n\n\n<p>ATTAC CADTM Maroc a publi\u00e9 un ouvrage, en arabe (2015) et en fran\u00e7ais (2016), intitul\u00e9 \u00ab les accords de libre-\u00e9change et le Maroc : des accords coloniaux contre les peuples<a href=\"#_ftn9\">[9]<\/a> \u00bb et r\u00e9alis\u00e9 une conf\u00e9rence nationale sur l\u2019impact des accords de libre-\u00e9change : \u00ab STOP ALECA \u00bb (Octobre 2015). L\u2019ALECA (accord de libre-\u00e9change complet et approfondi) est cette nouvelle g\u00e9n\u00e9ration des ALE que l\u2019Union europ\u00e9enne n\u00e9gocie avec le Maroc (et d\u2019autres \u00ab partenaires \u00bb du Sud comme la Tunisie, ou encore, la G\u00e9orgie, la Moldavie et l\u2019Ukraine au \u00ab Sud \u00bb de l\u2019Europe) \u00e0 partir de 2010-2011 pour harmoniser le cadre l\u00e9gislatif et r\u00e9glementaire marocain avec celui de l\u2019UE, prot\u00e9ger davantage les investissements et&nbsp; la propri\u00e9t\u00e9 intellectuelle, \u00e9largir la concurrence sur les march\u00e9s publics et d\u2019approfondir la privatisation d\u00e9j\u00e0 bien avanc\u00e9e des services publics.<\/p>\n\n\n\n<p>ATTAC CADTM Maroc a organis\u00e9 un s\u00e9minaire international sur les ALE \u00e0 Casablanca le 1er octobre 2016 qui s\u2019est conclu par un appel qui a r\u00e9sum\u00e9 nos fondements de l\u2019analyse sur cette question : \u00ab les accords de libre-\u00e9change (ALE), qu\u2019ils soient bilat\u00e9raux ou multilat\u00e9raux sont tous con\u00e7us pour assurer les profits des grandes entreprises. Celles-ci accaparent les ressources, les services publics, les terres agricoles des paysan\u00b7ne\u00b7s et d\u00e9truisent l\u2019environnement. Elles d\u00e9truisent les emplois, r\u00e9duisent les salaires par la mise \u00e0 concurrence des salari\u00e9\u00b7e\u00b7s et augmentent le ch\u00f4mage. Elles augmentent leur mainmise surtout sur les pays du Sud en accentuant leur d\u00e9pendance structurelle alimentaire, financi\u00e8re et technologique. Elles inondent les march\u00e9s de ces derniers par des produits subventionn\u00e9s du Nord qui d\u00e9truisent leur tissu productif d\u00e9j\u00e0 fragilis\u00e9 et dont la qualit\u00e9 suscite bien des m\u00e9fiances. Elles sont fortifi\u00e9es par les m\u00e9canismes de r\u00e9solution de diff\u00e9rents entre investisseurs et \u00c9tats qui leur conf\u00e8rent plus de pouvoir exorbitant sur les \u00c9tats et sur les peuples. Ces derniers sont exsangues du fait du paiement du service de la dette et des politiques de destructions massives des droits sociaux qui en d\u00e9coulent. Le fardeau support\u00e9 par les femmes est particuli\u00e8rement oppressif et inhumain<a href=\"#_ftn10\">[10]<\/a> \u00bb.<\/p>\n\n\n\n<p>Les 15, 16 et 17 d\u00e9cembre 2017, ATTAC CADTM Maroc a organis\u00e9 un s\u00e9minaire maghr\u00e9bin sur les accords de libre change, l\u2019agriculture et la souverainet\u00e9 alimentaire sous le slogan : Non aux accords coloniaux, pour la d\u00e9fense du droit souverain des peuples sur leurs syst\u00e8mes agricoles, alimentaires et environnementaux. Le s\u00e9minaire s\u2019est tenu \u00e0 Agadir, au Maroc, avec la participation de militant\u00b7e\u00b7s d\u2019Egypte, de Tunisie, d\u2019Alg\u00e9rie et du Maroc<a href=\"#_ftn11\">[11]<\/a>.<\/p>\n\n\n\n<p>Ces initiatives font partie d\u2019un intense travail d\u2019\u00e9ducation populaire d\u2019ATTAC CADTM Maroc pour d\u00e9noncer les ALE, proposer des perspectives de lutte et fortifier les liens de solidarit\u00e9 entre les peuples du Nord et du Sud. Au niveau du Maroc, ATTAC CADTM Maroc contribuait aux collectifs contre ces accords. Ces collectifs sont aujourd\u2019hui en stand-by ou n\u2019existent plus.<\/p>\n\n\n\n<p><strong>Face \u00e0 la crise \u00e9cologique et climatique, construire les r\u00e9sistances et penser les alternatives<\/strong><\/p>\n\n\n\n<p>La crise \u00e9cologique n\u2019est qu\u2019une facette (la plus catastrophique) de la crise du capitalisme et de civilisation dans laquelle se trouve le monde aujourd\u2019hui.<\/p>\n\n\n\n<p>Au niveau du Maroc la situation environnementale est intimement li\u00e9e \u00e0 la domination du capitalisme mondial mais aussi aux choix politiques et \u00e9conomiques du r\u00e9gime. Les effets d\u00e9j\u00e0 bien r\u00e9els et factuels des changements climatiques qui viennent exacerber des probl\u00e9matiques d\u00e9j\u00e0 existantes dont souffrent les plus d\u00e9munis telles que pauvret\u00e9, exclusion, sous-alimentation, ch\u00f4mage, discrimination \u00e0 l\u2019encontre des femmes, etc. Ces victimes sont souvent loin d\u2019\u00eatre responsables de ces changements, d\u2019o\u00f9 notre revendication de justice climatique.<\/p>\n\n\n\n<p>Notre pays ainsi que ceux de la r\u00e9gion MENA, est le symbole m\u00eame de cette injustice puisqu\u2019au moment o\u00f9 cette r\u00e9gion du monde est parmi les moins polluante, elle est et elle sera parmi les r\u00e9gions les plus touch\u00e9es sp\u00e9cialement par des ph\u00e9nom\u00e8nes extr\u00eames de s\u00e9cheresses\/inondations qui affecteront tout particuli\u00e8rement l\u2019agriculture.<\/p>\n\n\n\n<p>La vision d\u2019ATTAC CADTM Maroc face \u00e0 la crise \u00e9cologique et climatique est r\u00e9sum\u00e9e dans notre plateforme programmatique adopt\u00e9e par notre IV\u00e8me congr\u00e8s national tenu fin janvier 2012. Elle a \u00e9t\u00e9 actualis\u00e9e au V\u00e8me congr\u00e8s tenu d\u00e9but mars 2014 et a \u00e9t\u00e9 intitul\u00e9e : \u00ab la situation environnementale et les projets verts au Maroc : prot\u00e9ger les profits sous pr\u00e9texte de prot\u00e9ger l&rsquo;environnement, quelles sont nos alternatives ? \u00bb.<\/p>\n\n\n\n<p>En d\u00e9cembre 2015, ATTAC CADTM Maroc a \u00e9labor\u00e9 un rapport sur la situation de la justice climatique au Maroc<a href=\"#_ftn12\">[12]<\/a>. C\u2019\u00e9tait dans le contexte de la tenue de la 21\u00e8me conf\u00e9rence de Nations unies sur le climat (COP21) \u00e0 Paris (30 novembre &#8211; 12 d\u00e9cembre 2015) o\u00f9 les militant\u00b7e\u00b7s altermondialistes et \u00e9cologistes organisaient des activit\u00e9s pour d\u00e9noncer l\u2019absence de moyens financiers et de volont\u00e9 politique des grands d\u00e9cideurs du monde pour stopper le r\u00e9chauffement climatique. La publication de ce rapport constitue aussi un d\u00e9but de pr\u00e9paration d\u2019activit\u00e9s pour contre-sommet de la COP 22 \u00e0 Marrakech qui sera tenu du 7 au 18 novembre 2016.<\/p>\n\n\n\n<p>Nous luttons pour d\u00e9masquer le vrai visage du capitalisme vert et l\u2019hypocrisie des gouvernants et grands capitalistes qui cherchent avant tout et comme toujours la maximalisation de leurs profits. Nous avons introduit la notion d\u2019extractivisme pour bien comprendre cette course violente des capitalistes pour s\u2019accaparer les ressources mini\u00e8res, fossiles et agricoles. Nous r\u00e9clamons la dette \u00e9cologique contract\u00e9e par les pays industrialis\u00e9s envers les pays pauvres \u00e0 cause des spoliations pass\u00e9es (colonialisme) et pr\u00e9sentes (n\u00e9ocolonialisme) de leurs ressources naturelles. C\u2019est \u00e0 travers l\u2019analyse du syst\u00e8me-dette, de l\u2019extractivisme et de leur interd\u00e9pendance que nous pensons la transition vers un monde de justice sociale et \u00e9cologique qui n\u00e9cessite une rupture totale avec le mode de production, distribution et consommation dominant.<\/p>\n\n\n\n<p>Sur le plan national, nous contribuons \u00e0 ouvrir un d\u00e9bat sur l\u2019avenir \u00e9nerg\u00e9tique et alimentaire de notre pays et revendiquons une gestion publique sous contr\u00f4le populaire. Une gestion \u00e0 caract\u00e8re \u00e9co-sociale qui favorise les solutions les plus \u00e9cologiques et qui permettent en m\u00eame temps l\u2019acc\u00e8s de la majorit\u00e9 des marocain\u00b7ne\u00b7s \u00e0 ces ressources.<\/p>\n\n\n\n<p>En plus de travail d\u2019analyse et de sensibilisation nous soutenions les luttes contre l\u2019extractivisme et la destruction de l\u2019environnement par les capitalistes.<\/p>\n\n\n\n<p>ATTAC CADTM Maroc a particip\u00e9 \u00e0 toutes les formes de solidarit\u00e9 avec les luttes \u00e0 dimension \u00e9cologique et contre l\u2019extractivisme des habitants de&nbsp;:<\/p>\n\n\n\n<ul class=\"wp-block-list\"><li>Ben Smim, village \u00e0 l&rsquo;ouest de la ville d&rsquo;Ifrane, (2008-2010) contre la privatisation de leur source d\u2019eau naturelle. Ils ont \u00e9t\u00e9 \u00e0 chaque fois r\u00e9prim\u00e9s et 12 parmi eux ont \u00e9t\u00e9 poursuivis devant les tribunaux.<\/li><li>Imider situ\u00e9e au sud-est du Maroc, contre la Soci\u00e9t\u00e9 mini\u00e8re d\u2019Imiter qui exploitait leur mine d\u2019argent, la plus grande d\u2019Afrique, qui pillait les richesses de la tribu, d\u00e9truisait les ressources en eau, et empoisonnait l\u2019air, la terre et la nappe phr\u00e9atique avec le mercure et la cyanure. Depuis juillet 2011 et jusqu\u2019\u00e0 2019, les villageois.es occupaient h\u00e9ro\u00efquement le mont Alban pour maintenir ferm\u00e9e une vanne d\u2019eau qui alimentait la mine. En 2014, le mouvement a \u00e9t\u00e9 violemment r\u00e9prim\u00e9 et il y a eu beaucoup de prisonniers dont les derniers ont \u00e9t\u00e9 lib\u00e9r\u00e9s fin 2017-d\u00e9but 2018<a href=\"#_ftn13\">[13]<\/a>.<\/li><li>Beni Oukil, pr\u00e8s d&rsquo;Oujda, (2014-2017) contre un projet d\u2019extractivisme (carri\u00e8re de gravier) qui d\u00e9truit l&rsquo;environnement, les activit\u00e9s agricoles, une partie de la m\u00e9moire historique (montagne Jbel Dchira&nbsp;) des villageois\u00b7\u00b7s, ainsi que leurs conditions de vie, de sant\u00e9 et de s\u00e9curit\u00e9. Ils ont \u00e9t\u00e9 eux aussi r\u00e9prim\u00e9s et les militant\u00b7e\u00b7s actif\/ives sont poursuivi\u00b7e\u00b7s devant les tribunaux.<\/li><li>Safi contre le projet de construction d\u2019une centrale thermique (2014-2017) alors que la ville connait d\u00e9j\u00e0 une grave pollution industrielle provenant du grand complexe de phosphate responsable de la d\u00e9gradation de l\u2019environnement, des ressources halieutiques et de la sant\u00e9 de la population. Les impacts dangereux de cette unit\u00e9 de production de l\u2019\u00e9nergie \u00e9lectrique \u00e0 partir du charbon en utilisant l\u2019eau de mer sont tr\u00e8s vari\u00e9s sur l\u2019\u00e9cosyst\u00e8me de la r\u00e9gion. Elle a \u00e9t\u00e9 mise en service en d\u00e9but de d\u00e9cembre 2018.<\/li><li>La tribu des Oulad Sbita \u00e0 Sidi Bouknadel dans la r\u00e9gion de Rabat-Sal\u00e9-K\u00e9nitra, contre l\u2019accaparement de plus de 800 hectares de leurs terres par Addoha, une soci\u00e9t\u00e9 de sp\u00e9culation immobili\u00e8re. Les femmes soulaliyates (plus de 400 familles) se battaient pour la pr\u00e9servation de leurs terres collectives et de leur agriculture familiale (2014-2017).<\/li><li>La communaut\u00e9 soulalyate de Sidi Ayad (r\u00e9gion de Midelt) contre l\u2019accaparement de leurs terres collectives et leurs ressources naturelles apr\u00e8s que l&rsquo;\u00c9tat a mis en place un projet d&rsquo;implantation d&rsquo;une centrale solaire appel\u00e9e \u00ab Noor 4 \u00bb sur une superficie estim\u00e9e \u00e0 plus de 4 500 hectares. Les petit\u00b7e\u00b7s paysan\u00b7ne\u00b7s et des familles d\u00e9poss\u00e9d\u00e9\u00b7\u00b7s de leurs terres, leur eau et leurs p\u00e2turages ont organis\u00e9 plusieurs protestations (2017-2019) qui ont \u00e9t\u00e9 r\u00e9prim\u00e9es. Oba Mimoun Said, un militant symbole de ces luttes, a \u00e9t\u00e9 arr\u00eat\u00e9 deux fois de suite : en avril 2018 o\u00f9 il a \u00e9t\u00e9 condamn\u00e9 \u00e0 4 mois de prison ferme et en avril 2019 o\u00f9 il a \u00e9t\u00e9 condamn\u00e9 \u00e0 10 mois de prison ferme.<\/li><\/ul>\n\n\n\n<p>ATTAC CADTM Maroc a organis\u00e9, en novembre 2016, une conf\u00e9rence internationale sur la \u00ab justice climatique \u00bb en marge de la COP 22 \u00e0 Marrakech pour donner de la visibilit\u00e9 \u00e0 ces luttes \u00e9cologiques, \u00e9largir la solidarit\u00e9 et \u00e9changer sur les alternatives porteuses de solutions que les conf\u00e9rences officielles ignorent d\u00e9lib\u00e9r\u00e9ment.&nbsp; Cette conf\u00e9rence a \u00e9galement permis de jeter les bases d\u2019une collaboration plus \u00e9troite avec les militants venus des autres pays du Maghreb et du continent africain afin de jeter les bases d\u2019un mouvement climatique coordonn\u00e9 \u00e0 l\u2019\u00e9chelle de la r\u00e9gion et du continent.<\/p>\n\n\n\n<p>Il est \u00e0 noter que cette conf\u00e9rence constituait une d\u00e9marcation entre un courant lib\u00e9ral de la soci\u00e9t\u00e9 civile marocaine coopt\u00e9 par le r\u00e9gime. ATTAC CADTM Maroc s\u2019est retir\u00e9e de \u00ab&nbsp;la coalition marocaine pour la justice climatique&nbsp;\u00bb en d\u00e9non\u00e7ant ce courant qui la dominait et qui essayait de limiter cet \u00e9veil \u00e9cologique dans les limites du capitalisme vert, des initiatives sur le climat propos\u00e9es par les institutions gouvernementales et le secteur priv\u00e9, et l\u2019\u00e9loigner du vrai d\u00e9bat sur la justice climatique li\u00e9 \u00e0 celui sur les choix politiques, \u00e9conomiques et sociaux qui perp\u00e9tuent la destruction de l\u2019environnement. Elle est alors engag\u00e9e avec plusieurs associations et organisations de droits humains et des syndicats dans le R\u00e9seau d\u00e9mocratique pour accompagner Cop22 (REDACOP22). Ce r\u00e9seau vise \u00e0 construire un mouvement \u00e9cologique d\u00e9mocratique au Maroc et ind\u00e9pendant du pouvoir politique et \u00e9conomique dans notre pays et des bailleurs de fond internationaux en se basant sur les mobilisations des vraies victimes des dommages environnementaux<a href=\"#_ftn14\">[14]<\/a>. Malheureusement, ce r\u00e9seau a cess\u00e9 d\u2019exister juste apr\u00e8s cette mobilisation li\u00e9e \u00e0 la COP22. La conscience \u00e9cologique et climatique dans notre pays est encore balbutiante et n\u00e9cessite un long effort d\u2019\u00e9ducation et de construction.<\/p>\n\n\n\n<p><strong>Pour la souverainet\u00e9 alimentaire au Maroc<\/strong><\/p>\n\n\n\n<p>La souverainet\u00e9 signifie le droit des peuples de d\u00e9finir leurs propres politiques agricole et alimentaire sans intervention d&rsquo;institutions ext\u00e9rieures ni inondation du march\u00e9 local de produits externes avec des prix bas. La souverainet\u00e9 implique \u00e9galement la participation des peuples \u00e0 la d\u00e9termination de la politique agricole de leurs pays et \u00e0 la mise en \u0153uvre des r\u00e9formes agraires. La souverainet\u00e9 alimentaire repose sur la priorit\u00e9 donn\u00e9e \u00e0 la production agricole locale et \u00e0 l&rsquo;alimentation de base des populations, et la garantie du libre acc\u00e8s aux semences et le droit de prot\u00e9ger leurs produits nationaux. La souverainet\u00e9 alimentaire est le contraire du syst\u00e8me industriel de production alimentaire responsable de la destruction des ressources naturelles et du climat qui menacent les paysans-es et la vie de millions de personnes.<\/p>\n\n\n\n<p>ATTAC CADTM Maroc s\u2019est engag\u00e9e (2018-2019) dans un projet d\u2019\u00e9tude sur la souverainet\u00e9 alimentaire au Maroc afin d\u2019amorcer une r\u00e9flexion sur une alternative au mod\u00e8le productiviste et agro-exportateur. Cette \u00e9tude vise \u00e0 faire un diagnostic des politiques n\u00e9olib\u00e9rales dans le secteur agricole dans notre pays et \u00e0 faire ressortir les multiples effets de ce mod\u00e8le sur la paysannerie, les ouvrier\/\u00e8res agricoles, les cultures de subsistance, la qualit\u00e9 alimentaire, et l\u2019environnement. Elle s\u2019est bas\u00e9e sur des enqu\u00eates de terrain dans les principales zones agricoles du pays. Les r\u00e9sultats ont \u00e9t\u00e9 pr\u00e9sent\u00e9s et enrichis lors des rencontres r\u00e9gionales avec les diff\u00e9rents intervenants dans le secteur agricole<a href=\"#_ftn15\">[15]<\/a>.<\/p>\n\n\n\n<p>ATTAC CADTM Maroc a \u00e9t\u00e9 l\u2019un des principaux initiateurs du R\u00e9seau nord-africain pour la souverainet\u00e9 alimentaire<a href=\"#_ftn16\">[16]<\/a> qui a \u00e9t\u00e9 constitu\u00e9 en juillet 2017 \u00e0 Tunis. Ce r\u00e9seau a initi\u00e9 des coordinations nationales en Tunisie, au Maroc et en \u00c9gypte afin d\u2019\u00e9largir la r\u00e9flexion dans la r\u00e9gion MENA, partager les exp\u00e9riences de luttes (paysan\u00b7ne\u00b7s, ouvrier\/\u00e8res agricoles, marins p\u00eacheurs, etc.), et \u00e9laborer des alternatives concr\u00e8tes.<\/p>\n\n\n\n<p><strong>L\u2019engagement f\u00e9ministe<\/strong><\/p>\n\n\n\n<p>L\u2019approfondissement d\u2019une approche f\u00e9ministe de la mondialisation capitaliste et patriarcale repr\u00e9sente l\u2019axe principal de l\u2019engagement f\u00e9ministe d\u2019ATTAC CADTM Maroc. Cette vision est n\u00e9e de la situation subalterne des femmes dans une soci\u00e9t\u00e9, o\u00f9 elles sont les plus expos\u00e9es \u00e0 toutes les formes de discrimination, qui se reproduisent \u00e0 tous les niveaux. Cette oppression se renforce par les politiques n\u00e9olib\u00e9rales qui affaiblissent d\u2019avantage l\u2019acc\u00e8s des femmes aux droits \u00e0 l\u2019\u00e9ducation, la sant\u00e9, le travail, la retraite, la terre, le logement, l\u2019alimentation, l\u2019h\u00e9ritage, et l\u2019avortement.<\/p>\n\n\n\n<p>Un comit\u00e9 femme a \u00e9t\u00e9 constitu\u00e9 en 2013 au sein d\u2019ATTAC CADTM Maroc pour contribuer \u00e0 approfondir les analyses et d\u00e9velopper l\u2019engagement f\u00e9ministe de l\u2019association dont les principes sont contenues dans la charte politique du CADTM International<a href=\"#_ftn17\">[17]<\/a> (garantir l\u2019autod\u00e9termination des femmes comme elles le revendiquent au travers de leurs luttes qui s\u2019inscrivent dans une d\u00e9marche d\u2019\u00e9mancipation du syst\u00e8me patriarcal, capitaliste, imp\u00e9rialiste et extractiviste&nbsp;; assurer en pratique la fin des in\u00e9galit\u00e9s entre les hommes et les femmes dans toutes les sph\u00e8res de la vie, qui sera atteinte, entre autres, \u00e0 travers la discrimination positive et l\u2019\u00e9ducation populaire f\u00e9ministe) et sa charte de fonctionnement (le respect du principe de \u00ab parit\u00e9 \u00bb<a href=\"#_ftn18\">[18]<\/a>).<\/p>\n\n\n\n<p>Ce comit\u00e9 a r\u00e9dig\u00e9 une r\u00e9solution sur les femmes qui a \u00e9t\u00e9 adopt\u00e9e par le IV\u00e8me congr\u00e8s national tenu en d\u00e9but de mars 2014. Cette r\u00e9solution analyse les conditions des femmes dans la phase n\u00e9olib\u00e9rale du capitalisme mondialis\u00e9 en crise et les diff\u00e9rentes formes d\u2019oppression inh\u00e9rentes au patriarcat. Elle expose les motifs des actions n\u00e9cessaires envers les femmes tant au niveau interne de l\u2019association qu\u2019au niveau de luttes et solidarit\u00e9 \u00e0 l\u2019\u00e9chelle nationale, r\u00e9gionale (MENA) et internationale.<\/p>\n\n\n\n<p>Le comit\u00e9 femme a \u00e9dit\u00e9 en 2018 un livre intitul\u00e9 : \u00ab Les femmes au Maroc \u00e0 l\u2019\u00e8re de la mondialisation \u00bb. Sa version fran\u00e7aise est pr\u00eate pour \u00eatre imprim\u00e9e avant la fin de 2020.<\/p>\n\n\n\n<p>Le comit\u00e9 femmes d\u2019ATTAC CADTM Maroc a jou\u00e9 un tr\u00e8s grand r\u00f4le dans la solidarit\u00e9 avec la lutte des femmes victimes du microcr\u00e9dit (2012-2017), et dans le travail de sensibilisation sur la question du microcr\u00e9dit comme instrument d\u2019appauvrissement des pauvres, particuli\u00e8rement les femmes, au profit des capitalistes financiers \u00e0 travers la pr\u00e9sentation du livre sur le microcr\u00e9dit dans plusieurs villes du Maroc.<\/p>\n\n\n\n<p>L\u2019engagement f\u00e9ministe d\u2019ATTAC CADTM Maroc se concr\u00e9tise plus globalement par un effort permanent \u00e0&nbsp;donner plus de visibilit\u00e9 au r\u00f4le des femmes dans&nbsp;:<\/p>\n\n\n\n<ul class=\"wp-block-list\"><li>Les luttes et mobilisations populaires au Maroc d\u00e9rivant des politiques n\u00e9olib\u00e9rales d\u2019aust\u00e9rit\u00e9, de privatisation, d\u2019abandon des services publics, d\u2019extractivisme et d\u2019accaparement des terres, et appuyer leur participation active et le travail conjoint avec les organisations pr\u00e9sentes dans ces luttes afin d\u2019\u00e9largir le combat des femmes et d\u2019en renforcer la port\u00e9e.<\/li><li>Les diff\u00e9rentes activit\u00e9s et actions de l\u2019association&nbsp;: ateliers, s\u00e9minaires de formation, ateliers th\u00e9matiques de l\u2019universit\u00e9 de printemps et du camp des jeunes, etc.<\/li><li>Les instances d\u2019ATTAC CADTM Maroc et au niveau des diff\u00e9rentes responsabilit\u00e9s. La participation des femmes au sein de l\u2019association s\u2019est accrue, elle est beaucoup plus active et les femmes ont r\u00e9ussi \u00e0 prendre confiance en elles-m\u00eames.&nbsp; Malgr\u00e9 cela, il reste encore beaucoup d\u2019efforts \u00e0 fournir pour arriver \u00e0 une parit\u00e9 r\u00e9elle et casser l\u2019influence du syst\u00e8me patriarcal environnant.<\/li><\/ul>\n\n\n\n<p>Les militantes d\u2019ATTAC CADTM Maroc font partie de la coordination des luttes f\u00e9ministes du r\u00e9seau CADTM. Elles ont particip\u00e9 aux activit\u00e9s et aux s\u00e9minaires internationaux \u00ab femmes, dette et microcr\u00e9dit \u00bb tenus en Afrique (au B\u00e9nin en 2011, au Maroc en 2014 et au Mali en 2017). Avec leurs camarades du CADTM, elles ont acquis une expertise militante sur&nbsp;:<\/p>\n\n\n\n<ul class=\"wp-block-list\"><li>L\u2019impact de la dette et du microcr\u00e9dit sur les femmes et tout particuli\u00e8rement en Afrique et Asie.<\/li><li>Les m\u00e9canismes par lesquels le syst\u00e8me de la dette affecte les femmes.<\/li><li>Les sp\u00e9cificit\u00e9s de l\u2019endettement f\u00e9minin.<\/li><li>Les luttes que m\u00e8nent les femmes en Afrique et en Asie et les alternatives que certaines d\u2019entre elles sont en train de construire.<\/li><\/ul>\n\n\n\n<p>L\u2019acquisition de cette expertise ne peut avoir de sens que si elle est mise au service des populations, dans une dynamique d\u2019\u00e9ducation populaire tourn\u00e9e vers l\u2019action.<\/p>\n\n\n\n<p><a><strong>L\u2019insertion dans la dynamique mondiale des mouvements sociaux et du CADTM International<\/strong><\/a><\/p>\n\n\n\n<p>ATTAC Maroc a \u00e9t\u00e9 engag\u00e9 dans le processus du Forum social marocain en contribuant \u00e0 sa premi\u00e8re \u00e9dition qui s\u2019est tenue \u00e0 Bouznika en d\u00e9cembre 2002, et \u00e0 la deuxi\u00e8me \u00e0 Rabat en juillet 2004. Les militant\u00b7e\u00b7s d\u2019ATTAC Maroc ont d\u00e9fendu l\u2019esprit de combativit\u00e9, la d\u00e9mocratie et le consensus qui sont d\u00e9finis dans la charte du Forum social mondial. Malheureusement, le Forum social marocain a finalement \u00e9t\u00e9 r\u00e9cup\u00e9r\u00e9 par un courant lib\u00e9ral de la soci\u00e9t\u00e9 civile marocaine qui tente de canaliser les luttes sociales dans une logique de soumission et de m\u00e9diation avec le pouvoir. Ce courant a su trouver des partenaires de m\u00eame nature dans les pays maghr\u00e9bin \u00e0 travers le Forum social maghr\u00e9bin. Il a aussi une pr\u00e9sence au Conseil international du Forum social mondial et a particip\u00e9 \u00e0 vider le FSM de son contenu militant.<\/p>\n\n\n\n<p>Les responsabilit\u00e9s d\u2019ATTAC CADTM Maroc au sein du secr\u00e9tariat international du CADTM qu\u2019elle partage avec le CADTM Belgique depuis 2014, permettent une consolidation de l\u2019engagement de l\u2019association au sein du r\u00e9seau mondial du CADTM et ouvre de grandes possibilit\u00e9s de d\u00e9veloppement et d\u2019\u00e9largissement de ses actions \u00e0 l\u2019\u00e9chelle internationale, r\u00e9gionale (MENA) et nationale. En plus des prises de positions politiques, les d\u00e9clarations et les communiqu\u00e9s de presse engageant le CADTM International, ATTAC CADTM Maroc contribue avec le CADTM Belgique aux sessions de formation internationale aux probl\u00e9matiques de la dette, des institutions internationales, des alternatives \u00e0 la crise du capitalisme patriarcal et productiviste. Elle a plus particuli\u00e8rement les t\u00e2ches de renforcement des&nbsp;:<\/p>\n\n\n\n<ul class=\"wp-block-list\"><li>Activit\u00e9s du CADTM en Afrique et particuli\u00e8rement le d\u00e9veloppement de celles-ci en Afrique du Nord et au Moyen Orient \u00e0 travers le site en arabe<a href=\"#_ftn19\">[19]<\/a> et les traductions vers l\u2019arabe d\u2019ouvrages et d\u2019analyses du CADTM.<\/li><li>Relations avec le processus du Forum social mondial.<\/li><li>Synergies avec les mouvements et r\u00e9seaux mondiaux militants&nbsp;: La Via Campesina, la Marche mondiale des femmes, Global Attac, Campagne internationale contre l\u2019impunit\u00e9 des multinationales, Campagne boycott d\u00e9sinvestissement sanctions (BDS) de solidarit\u00e9 avec le peuple palestinien, etc.<\/li><\/ul>\n\n\n\n<p>Cette insertion dans la dynamique mondiale des mouvements sociaux et du CADTM International a jou\u00e9 aussi un r\u00f4le tr\u00e8s important dans les campagnes de solidarit\u00e9 internationale avec les luttes sociales et contre la r\u00e9pression au Maroc.<\/p>\n\n\n\n<p><strong>La question migratoire&nbsp;<\/strong><\/p>\n\n\n\n<p>ATTAC CADTM Maroc int\u00e9grait la question migratoire dans ses actions et collaborait avec plusieurs organisations qui travaillent sur cette th\u00e9matique [Groupe antiraciste d\u2019accompagnement et de d\u00e9fense des \u00e9trangers et des migrants (Gadem), Association marocaine des droits de l\u2019Homme (AMDH), etc.], mais aussi avec des structures de migrant\u00b7e\u00b7s en grande majorit\u00e9 originaires d\u2019Afrique subsaharienne (Conseil des migrants subsahariens au Maroc&#8230;). Ces dernier\/\u00e8res, depuis les ann\u00e9es 2000 et notamment en 2005-2006, ont \u00e9t\u00e9 victimes de campagnes de violence polici\u00e8re marocaines appuy\u00e9es par la politique d\u2019externalisation de l\u2019Union europ\u00e9enne dans les for\u00eats proches de Ceuta et&nbsp;Melilla et d&rsquo;autres villes du Maroc qui ont fait des dizaines de morts, des agressions physiques et sexuelles sur les enfants et les femmes, des centaines d\u2019arrestations, des refoulements dans des zones d\u00e9sertiques, etc.<\/p>\n\n\n\n<p>ATTAC CADTM Maroc a particip\u00e9 \u00e0 plusieurs formes de solidarit\u00e9 et activit\u00e9s&nbsp;:<\/p>\n\n\n\n<ul class=\"wp-block-list\"><li>Une marche mondiale contre le ch\u00f4mage et pour la d\u00e9fense des migrant\u00b7e\u00b7s en 2002 \u00e0 Tanger.<\/li><li>Une rencontre internationale sur la question migratoire tenue \u00e0 T\u00e9touan en novembre 2005.<\/li><li>Une rencontre \u00e0 Chefchaouen sur la migration et droit de l\u2019homme en avril 2006.<\/li><\/ul>\n\n\n\n<p>En mai 2010, les groupes Attac du Nord du Maroc ont organis\u00e9 une journ\u00e9e d\u2019\u00e9tude sur la question migratoire qui a associ\u00e9 les exp\u00e9riences du terrain et la r\u00e9flexion pour avancer dans la formulation de propositions et perspectives<a href=\"#_ftn20\"><sup>[20]<\/sup><\/a>.<\/p>\n\n\n\n<p>La question migratoire est aussi int\u00e9gr\u00e9e dans les activit\u00e9s et formations internes de l\u2019association.<\/p>\n\n\n\n<p>\u00ab&nbsp;Il ne fait aucun doute que ni les murs ni les armes ne sont capables de r\u00e9soudre ce que les m\u00e9dias appellent la crise migratoire, car elle fait partie des cons\u00e9quences des politiques n\u00e9olib\u00e9rales impos\u00e9es depuis des d\u00e9cennies aux peuples du monde\u2026 Les solutions radicales pour les peuples du Sud consistent \u00e0 mettre fin&nbsp;:<\/p>\n\n\n\n<ul class=\"wp-block-list\"><li>Au pillage des ressources et aux affrontements arm\u00e9s.<\/li><li>Au syst\u00e8me dette qui fonctionne aujourd&rsquo;hui comme un m\u00e9canisme de pompage des richesses en faveur des banques.<\/li><li>Aux accords de libre-\u00e9change qui violent la souverainet\u00e9 des peuples et acc\u00e9l\u00e8rent l\u2019accaparement des ressources au profit des multinationales.<\/li><\/ul>\n\n\n\n<p>En attendant, il est urgent de respecter les droits et accords relatifs \u00e0 l&rsquo;immigration et \u00e0 l&rsquo;asile, et de mettre en place un m\u00e9canisme d&rsquo;accueil et d&rsquo;int\u00e9gration permettant la cr\u00e9ation de liens \u00e0 dimension humaine et dans le respect de la dignit\u00e9&nbsp;<a href=\"#_ftn21\"><sup>[21]<\/sup><\/a>\u00bb.<\/p>\n\n\n\n<p><strong>Contre le despotisme et pour la souverainet\u00e9 populaire<\/strong><\/p>\n\n\n\n<p>Les priorit\u00e9s strat\u00e9giques d\u2019ATTAC CADTM Maroc&nbsp;(dette publique, dettes priv\u00e9es, les accords dits de libre-\u00e9change, la justice climatique, la souverainet\u00e9 alimentaire, l\u2019engagement f\u00e9ministe, et l\u2019insertion dans la dynamique mondiale des mouvements sociaux et du CADTM International) sont li\u00e9es \u00e0 une analyse globale des sp\u00e9cificit\u00e9s du capitalisme arri\u00e9r\u00e9 dans notre pays, de sa d\u00e9pendance de l\u2019imp\u00e9rialisme et de la nature despotique du pouvoir politique. Elles sont articul\u00e9es dans le travail d\u2019\u00e9ducation populaire d\u2019ATTAC CADTM Maroc, ses actions sur le terrain en synergie avec les luttes et les mobilisations sociales et dans ses alternatives. D\u2019o\u00f9 notre revendication de la souverainet\u00e9 populaire dans le cadre d\u2019un processus global de rupture avec le syst\u00e8me dette, l\u2019\u00e9change in\u00e9gal, la d\u00e9pendance et les institutions du Capital. Nous soutenons et coordonnons avec toutes les organisations, coalitions et mouvements qui agissent pour la satisfaction des droits humains, la justice sociale et environnementale, le f\u00e9minisme, la libert\u00e9, la dignit\u00e9 et l\u2019internationalisme.<\/p>\n\n\n\n<p>La monarchie a essay\u00e9 de contenir les revendications de r\u00e9formes politiques et sociales du grand mouvement de contestation populaire d\u00e9clench\u00e9 le 20 f\u00e9vrier 2011 par une \u00ab&nbsp;nouvelle&nbsp;\u00bb constitution octroy\u00e9e. ATTAC CADTM Maroc a refus\u00e9 de participer aux consultations organis\u00e9es par le r\u00e9gime sur cette constitution (avril 2011) et elle a appel\u00e9, avec d\u2019autres organisations sociales et politiques, \u00e0 son boycott (juin 2011). C\u2019est une constitution qui consacre le despotisme avec ses m\u00e9canismes de pillage et de corruption. Elle s\u2019attache aux principes n\u00e9olib\u00e9raux des IFI qui accentuent la d\u00e9pendance du pays et son endettement et g\u00e9n\u00e9ralisent l\u2019aust\u00e9rit\u00e9, les privatisations et la pr\u00e9carisation. Les voix opposantes sont \u00e9touff\u00e9es et les libert\u00e9s publiques (droit d\u2019expression et d\u2019organisation) sont bafou\u00e9es. Une constitution d\u00e9mocratique ne se sera pas une manne des gouvernants. Elle sera le fruit d\u2019un long combat social et politique et un processus citoyen constituant de ceux et celles d\u2019en bas.<\/p>\n\n\n\n<p>Le Maroc a accueilli du 27 au 30 novembre 2014 le Forum mondial des droits de l\u2019homme \u00e0 Marrakech. ATTAC CADTM Maroc, avec d\u2019autres organisations sociales et politiques, ont boycott\u00e9 ce forum qui se tenait dans un contexte de r\u00e9pression syst\u00e9matique. A travers ce forum, le pouvoir voulait redorer son blason et exposer un simulacre d\u2019\u00e9tat de droit.<\/p>\n\n\n\n<p>Lors des \u00e9lections r\u00e9gionales et communales de septembre 2015, ATTAC CADTM Maroc a adh\u00e9r\u00e9 \u00e0 un collectif d\u2019associations de soci\u00e9t\u00e9 civile qui a pr\u00e9sent\u00e9 un programme intitul\u00e9&nbsp;: \u00ab100 mesures pour des collectivit\u00e9s territoriales \u00e9quitables socialement \u00bb. Ce n\u2019\u00e9tait pas une initiative pour participer aux \u00e9lections, mais pour ouvrir un d\u00e9bat sur un vrai programme \u00e9lectoral qui devrait \u00e9maner du peuple et avancer des revendications concernant la gestion d\u00e9mocratique, la justice sociale, l\u2019\u00e9conomie solidaire, la d\u00e9fense l\u2019environnement, etc. Malheureusement elle n\u2019a pas eu aucun \u00e9cho. Ces \u00e9lections n\u2019\u00e9taient en fait qu\u2019une mascarade. Elles servaient \u00e0 l\u00e9gitimer une d\u00e9mocratie de fa\u00e7ade.<\/p>\n\n\n\n<p>ATTAC CADTM Maroc a toujours \u00e9t\u00e9 harcel\u00e9e par le pouvoir, beaucoup de ses activit\u00e9s ont \u00e9t\u00e9 interdites et plusieurs de ses militant\u00b7e\u00b7s ont \u00e9t\u00e9 poursuivi\u00b7e\u00b7s et emprisonn\u00e9\u00b7e\u00b7s dont plus r\u00e9cemment Omar Radi, journaliste d\u2019investigation, incarc\u00e9r\u00e9 depuis le 29 juillet 2020 en attente de son proc\u00e8s.<\/p>\n\n\n\n<p>Depuis 2002, le minist\u00e8re de l\u2019int\u00e9rieur refuse toujours de renouveler le r\u00e9c\u00e9piss\u00e9 l\u00e9gal de l\u2019association. Ce qui nous prive du droit d\u2019acc\u00e8s aux salles publiques, d\u2019ouvrir un compte bancaire, etc. Nos dossiers de plainte contre cette d\u00e9cision ont \u00e9t\u00e9 d\u00e9pos\u00e9s apr\u00e8s chaque congr\u00e8s national durant 6 ans (2012-2018) sans que le tribunal administratif ne nous ait rendu justice.<\/p>\n\n\n\n<p>ATTAC CADTM Maroc continue sa lutte. Des centaines de militant\u00b7e\u00b7s ont contribu\u00e9 \u00e0 son combat au niveau local, national, r\u00e9gional et international. Le bilan de ces 20 ans devrait inspirer les jeunes g\u00e9n\u00e9rations qui s\u2019engagent dans les r\u00e9sistances pour autre Maroc possible, de justice sociale et environnementale, de dignit\u00e9 et de libert\u00e9.<\/p>\n\n\n\n<figure class=\"wp-block-image alignwide size-large\"><img decoding=\"async\" width=\"288\" height=\"175\" src=\"https:\/\/attacmaroc.org\/fr\/wp-content\/uploads\/2020\/12\/2-choi.jpg\" alt=\"\" class=\"wp-image-1170\" \/><\/figure>\n\n\n\n<p><strong>Fonctionnement d\u00e9mocratique horizontal<\/strong><\/p>\n\n\n\n<p>S\u2019inspirant des d\u00e9bats dans le mouvement altermondialiste et de ses exp\u00e9riences, les premiers groupes d\u2019ATTAC CADTM Maroc ont refus\u00e9 la structure hi\u00e9rarchique verticale des organisations traditionnelles. Ils ont adopt\u00e9 un fonctionnement d\u00e9mocratique horizontal. Les orientations et les choix strat\u00e9giques de l\u2019association \u00e9manent des groupes locaux \u00e0 travers le conseil de coordination national qui est la plus haute instance d\u00e9cisionnelle apr\u00e8s le congr\u00e8s national. Le conseil national est constitu\u00e9 des repr\u00e9sentant\u00b7e\u00b7s \u00e9lu\u00b7e\u00b7s par les groupes locaux. Seul le secr\u00e9tariat national comme instance ex\u00e9cutive est \u00e9lu par le congr\u00e8s.<\/p>\n\n\n\n<p>Les groupes d\u2019ATTAC CADTM Maroc rencontrent beaucoup d\u2019obstacles pour s\u2019enraciner au niveau local. Le rayonnement d\u2019ATTAC CADTM Maroc ne se traduit pas par un \u00e9largissement de ses adh\u00e9rent\u00b7e\u00b7s. Les forces de l\u2019association sont encore modestes, mais ses actions concr\u00e8tes au sein des couches populaires victimes du n\u00e9olib\u00e9ralisme et du despotisme sur des th\u00e9matiques essentielles d\u00e9crites en haut constituent un potentiel prometteur.<\/p>\n\n\n\n<p>01 d\u00e9cembre 2020<\/p>\n\n\n\n<p>Aziki Omar<\/p>\n\n\n\n<p>Membre du&nbsp;:<\/p>\n\n\n\n<ul class=\"wp-block-list\"><li>Secr\u00e9tariat national d\u2019ATTAC CADTM Maroc.<\/li><li>Secr\u00e9tariat international partag\u00e9 du CADTM International.<\/li><\/ul>\n\n\n\n<p>Un grand merci pour Fatima Zahra El Belghiti, Larbi Hafidi, Youness El Haboussi, Jawad Moustakbal et Claude Qu\u00e9mar pour leur relecture.<\/p>\n\n\n\n<hr class=\"wp-block-separator\" \/>\n\n\n\n<p><a href=\"#_ftnref1\">[1]<\/a> &#8211; Cette assembl\u00e9e constitutive pr\u00e9vue initialement \u00e0 l\u2019\u00c9cole nationale des industries et des mines (ENIM) sera organis\u00e9e au local de l\u2019Espace associatif apr\u00e8s interdiction des autorit\u00e9s qui ont encercl\u00e9 l\u2019ENIM et emp\u00each\u00e9 les militant\u00b7e\u00b7s d\u2019y acc\u00e9der.<\/p>\n\n\n\n<p><a href=\"#_ftnref2\">[2]<\/a> &#8211; ATTAC CADTM Maroc : \u00ab Death Over Humiliation \u00bb (Mourir pour ne pas accepter l\u2019humiliation) sur <em>Hirak<\/em> (mouvement de contestation sociale) du Rif.<\/p>\n\n\n\n<figure class=\"wp-block-embed-youtube wp-block-embed is-type-video is-provider-youtube wp-embed-aspect-4-3 wp-has-aspect-ratio\"><div class=\"wp-block-embed__wrapper\">\n<iframe title=\"Death Over Humiliation \u0627\u0644\u0645\u0648\u062a \u0648\u0644\u0627 \u0627\u0644\u0645\u0630\u0644\u0629\" width=\"800\" height=\"450\" src=\"https:\/\/www.youtube.com\/embed\/lfC5cXMwSIM?feature=oembed\" frameborder=\"0\" allow=\"accelerometer; autoplay; clipboard-write; encrypted-media; gyroscope; picture-in-picture; web-share\" referrerpolicy=\"strict-origin-when-cross-origin\" allowfullscreen><\/iframe>\n<\/div><\/figure>\n\n\n\n<p><a href=\"#_ftnref3\">[3]<\/a> &#8211; Il s\u2019agissait du lait de la Soci\u00e9t\u00e9 Centrale Laiti\u00e8re affili\u00e9e \u00e0 la multinationale fran\u00e7aise Danone sp\u00e9cialis\u00e9e dans les laitages, de l\u2019eau min\u00e9rale Sidi Ali de la soci\u00e9t\u00e9 des eaux gazeuses Oulm\u00e8s appartenant au groupe Holmarcom de la famille Bensaleh et les carburants des stations Afriquia appartenant au groupe Akwa de la famille Akhannouch.<\/p>\n\n\n\n<p><a href=\"#_ftnref4\">[4]<\/a> &#8211; ATTAC CADTM Maroc&nbsp;: \u00ab&nbsp;M\u00e9morandum : ATTAC CADTM Maroc soutient le boycott citoyen de produits de consommation commercialis\u00e9s par des grands groupes capitalistes&nbsp;\u00bb, 21 juin 2018. <a href=\"https:\/\/attacmaroc.org\/fr\/2018\/06\/21\/memorandum-attac-maroc-soutient-le-boycott-citoyen-de-produits-de-consommation-commercialises-par-des-grands-groupes-capitalistes\/\">https:\/\/attacmaroc.org\/fr\/2018\/06\/21\/memorandum-attac-maroc-soutient-le-boycott-citoyen-de-produits-de-consommation-commercialises-par-des-grands-groupes-capitalistes\/<\/a><\/p>\n\n\n\n<p><a href=\"#_ftnref5\">[5]<\/a> &#8211; Appel pour un audit de la dette publique marocaine : Pas de d\u00e9veloppement sans annulation de la dette, 7 avril 2013.<\/p>\n\n\n\n<p><a href=\"http:\/\/www.cadtm.org\/spip.php?page=imprimer&amp;id_article=9113\" target=\"_blank\" rel=\"noopener\">http:\/\/www.cadtm.org\/spip.php?page=imprimer&amp;id_article=9113<\/a><\/p>\n\n\n\n<p><a href=\"#_ftnref6\">[6]<\/a> &#8211; Motion sur la cr\u00e9ation d\u2019un Secr\u00e9tariat international partag\u00e9 au sein du r\u00e9seau mondial du CADTM&nbsp;:<\/p>\n\n\n\n<p><a href=\"https:\/\/www.cadtm.org\/Motions-Amendements,9153\" target=\"_blank\" rel=\"noopener\">https:\/\/www.cadtm.org\/Motions-Amendements,9153<\/a><\/p>\n\n\n\n<p><a href=\"#_ftnref7\">[7]<\/a> &#8211; ATTAC CADTM Maroc&nbsp;: \u00ab&nbsp;auditer la dette pour l\u2019annuler. L\u2019association ATTAC CADTM Maroc r\u00e9it\u00e8re sa revendication pour l\u2019abolition des dettes publiques comme l\u2019une des conditions n\u00e9cessaires pour un v\u00e9ritable d\u00e9veloppement \u00e9conomique, social et humain&nbsp;\u00bb, 21 septembre 2018.<\/p>\n\n\n\n<p><a href=\"https:\/\/www.cadtm.org\/Maroc-Auditer-la-dette-pour-l-annuler\" target=\"_blank\" rel=\"noopener\">https:\/\/www.cadtm.org\/Maroc-Auditer-la-dette-pour-l-annuler<\/a><\/p>\n\n\n\n<p><a href=\"#_ftnref8\">[8]<\/a> &#8211; Vous pouvez t\u00e9l\u00e9charger la version fran\u00e7aise de l\u2019\u00e9tude en PDF sur le lien&nbsp;: <a href=\"https:\/\/attacmaroc.org\/fr\/wp-content\/uploads\/2018\/01\/ATTAC-Maroc.Etude-microcr%C3%A9dit.-PDF.pdf\">https:\/\/attacmaroc.org\/fr\/wp-content\/uploads\/2018\/01\/ATTAC-Maroc.Etude-microcr%C3%A9dit.-PDF.pdf<\/a><\/p>\n\n\n\n<p><a href=\"http:\/\/Attac Maroc: un nouveau livre sur les accords de libre \u00e9change\"><strong>[9] &#8211; L\u2019avant-propos du livre fran\u00e7ais est publi\u00e9 sur le lien&nbsp;:<\/strong><\/a><\/p>\n\n\n\n<p><a href=\"#_ftnref10\">[10]<\/a> &#8211; D\u00e9claration finale de la conf\u00e9rence : Accords de libre-\u00e9change, accords coloniaux contre les peuples, 7 octobre 2016.<\/p>\n\n\n\n<p><a href=\"https:\/\/www.cadtm.org\/Declaration-finale-de-la\" target=\"_blank\" rel=\"noopener\">https:\/\/www.cadtm.org\/Declaration-finale-de-la<\/a><\/p>\n\n\n\n<p><a href=\"http:\/\/D\u00e9claration finale du s\u00e9minaire maghr\u00e9bin \u00ab Accords de \u2018libre-\u00e9change\u2019 et souverainet\u00e9 alimentaire \u00bb\">[11] &#8211; D\u00e9claration finale du s\u00e9minaire maghr\u00e9bin \u00ab Accords de \u2018libre-\u00e9change\u2019 et souverainet\u00e9 alimentaire, 23 d\u00e9cembre 2017.<\/a><\/p>\n\n\n\n<p><a href=\"#_ftnref12\">[12]<\/a> &#8211; <a href=\"http:\/\/cadtm.org\/IMG\/pdf\/Attac_Rapport_Justice_climatique_FR.pdf\" target=\"_blank\" rel=\"noopener\">http:\/\/cadtm.org\/IMG\/pdf\/Attac_Rapport_Justice_climatique_FR.pdf<\/a><\/p>\n\n\n\n<p><a href=\"#_ftnref13\">[13]<\/a> &#8211; Omar Moujane , Luiza Toscane&nbsp;: \u00ab&nbsp;Maroc, l\u2019histoire d\u2019une lutte : \u00ab Le mouvement contre la mine d\u2019Imider dure depuis plus de 40 ans \u00bb, 24 janvier 2019.<\/p>\n\n\n\n<p><a href=\"https:\/\/www.cadtm.org\/Maroc-l-histoire-d-une-lutte-Le-mouvement-contre-la-mine-d-Imider-dure-depuis\" target=\"_blank\" rel=\"noopener\">https:\/\/www.cadtm.org\/Maroc-l-histoire-d-une-lutte-Le-mouvement-contre-la-mine-d-Imider-dure-depuis<\/a><\/p>\n\n\n\n<p><a href=\"#_ftnref14\">[14]<\/a> &#8211; <a href=\"http:\/\/ATTAC CADTM Maroc sur la COP 22 \u00e0 Marrakech : Quelle strat\u00e9gie pour les mouvements sociaux face au changement climatique ?\">ATTAC CADTM Maroc sur la COP 22 \u00e0 Marrakech : \u00ab&nbsp;Quelle strat\u00e9gie pour les mouvements sociaux face au changement climatique ?<\/a>&nbsp;\u00bb, 15 septembre 2016.<\/p>\n\n\n\n<p><a href=\"http:\/\/Pour la souverainet\u00e9 alimentaire au Maroc\">[15] &#8211; Introduction de l\u2019\u00e9tude, 9 novembre2019. S<\/a><\/p>\n\n\n\n<p><a href=\"#_ftnref16\">[16]<\/a> &#8211; voir son site&nbsp;: <a href=\"https:\/\/www.siyada.org\/\" target=\"_blank\" rel=\"noopener\">https:\/\/www.siyada.org\/<\/a><\/p>\n\n\n\n<p><a href=\"#_ftnref17\">[17]<\/a> &#8211; Voir la version de la charte politique amend\u00e9e provisoirement par le Conseil national du CADTM tenu \u00e0 Li\u00e8ge en septembre 2019&nbsp;:<\/p>\n\n\n\n<p><a href=\"https:\/\/www.cadtm.org\/Charte-politique-du-CADTM-International-18147\" target=\"_blank\" rel=\"noopener\">https:\/\/www.cadtm.org\/Charte-politique-du-CADTM-International-18147<\/a><\/p>\n\n\n\n<p><a href=\"#_ftnref18\">[18]<\/a> &#8211; Voir charte de fonctionnement amend\u00e9e par l\u2019assembl\u00e9e mondiale du r\u00e9seau CADTM tenu en mai 2016 \u00e0 Tunis&nbsp;: <a href=\"https:\/\/www.cadtm.org\/Charte-de-fonctionnement\" target=\"_blank\" rel=\"noopener\">https:\/\/www.cadtm.org\/Charte-de-fonctionnement<\/a><\/p>\n\n\n\n<p><a href=\"#_ftnref19\">[19]<\/a> &#8211; Voir le site du CADTM en arabe&nbsp;: <a href=\"http:\/\/arabic.cadtm.org\/\" target=\"_blank\" rel=\"noopener\">http:\/\/arabic.cadtm.org\/<\/a><\/p>\n\n\n\n<p><a href=\"#_ftnref20\">[20]<\/a> &#8211; Cahier d\u2019Attac Maroc : migration et mondialisation, 8 f\u00e9vrier 2011.<\/p>\n\n\n\n<p><a href=\"http:\/\/www.cadtm.org\/IMG\/pdf\/brochure_table_ronde_avec_photos.pdf\" target=\"_blank\" rel=\"noopener\">http:\/\/www.cadtm.org\/IMG\/pdf\/brochure_table_ronde_avec_photos.pdf<\/a><\/p>\n\n\n\n<p><a href=\"#_ftnref21\">[21]<\/a> &#8211; Lucile Daumas, ex-militante d\u2019ATTAC CADTM Maroc qui a beaucoup travaill\u00e9 sur cette question en solidarit\u00e9 et en r\u00e9flexion.<\/p>\n","protected":false},"excerpt":{"rendered":"<p>par: Aziki Omar Contexte de naissance Contexte mondial Les ann\u00e9es 1990 \u00e9taient marqu\u00e9es une mont\u00e9e des luttes contre la mondialisation n\u00e9olib\u00e9rale d\u00e9chain\u00e9e par la chute du mur de Berlin. Un ensemble de r\u00e9seaux mondiaux ont \u00e9t\u00e9 alors constitu\u00e9s comme le CADTM (Comit\u00e9 pour l\u2019annulation de la dette du Tiers monde) en 1990, le mouvement paysan [&hellip;]<\/p>\n","protected":false},"author":6,"featured_media":1169,"comment_status":"closed","ping_status":"open","sticky":false,"template":"","format":"standard","meta":{"_monsterinsights_skip_tracking":false,"_monsterinsights_sitenote_active":false,"_monsterinsights_sitenote_note":"","_monsterinsights_sitenote_category":0,"footnotes":""},"categories":[20,15],"tags":[209,211,210,184],"class_list":["post-1155","post","type-post","status-publish","format-standard","has-post-thumbnail","hentry","category-communiques","category-luttes","tag-20-ans-de-lutte","tag-attac-cadtm","tag-attac20","tag-omar-aziki"],"_links":{"self":[{"href":"https:\/\/attacmaroc.org\/fr\/wp-json\/wp\/v2\/posts\/1155","targetHints":{"allow":["GET"]}}],"collection":[{"href":"https:\/\/attacmaroc.org\/fr\/wp-json\/wp\/v2\/posts"}],"about":[{"href":"https:\/\/attacmaroc.org\/fr\/wp-json\/wp\/v2\/types\/post"}],"author":[{"embeddable":true,"href":"https:\/\/attacmaroc.org\/fr\/wp-json\/wp\/v2\/users\/6"}],"replies":[{"embeddable":true,"href":"https:\/\/attacmaroc.org\/fr\/wp-json\/wp\/v2\/comments?post=1155"}],"version-history":[{"count":6,"href":"https:\/\/attacmaroc.org\/fr\/wp-json\/wp\/v2\/posts\/1155\/revisions"}],"predecessor-version":[{"id":1176,"href":"https:\/\/attacmaroc.org\/fr\/wp-json\/wp\/v2\/posts\/1155\/revisions\/1176"}],"wp:featuredmedia":[{"embeddable":true,"href":"https:\/\/attacmaroc.org\/fr\/wp-json\/wp\/v2\/media\/1169"}],"wp:attachment":[{"href":"https:\/\/attacmaroc.org\/fr\/wp-json\/wp\/v2\/media?parent=1155"}],"wp:term":[{"taxonomy":"category","embeddable":true,"href":"https:\/\/attacmaroc.org\/fr\/wp-json\/wp\/v2\/categories?post=1155"},{"taxonomy":"post_tag","embeddable":true,"href":"https:\/\/attacmaroc.org\/fr\/wp-json\/wp\/v2\/tags?post=1155"}],"curies":[{"name":"wp","href":"https:\/\/api.w.org\/{rel}","templated":true}]}}